{"id":7687,"date":"2022-02-07T17:11:00","date_gmt":"2022-02-07T16:11:00","guid":{"rendered":"https:\/\/www.fondazioneaibi.it\/faris\/?p=7687"},"modified":"2022-02-09T09:46:47","modified_gmt":"2022-02-09T08:46:47","slug":"faris-ciclo-webinar-adolescenti","status":"publish","type":"post","link":"https:\/\/www.fondazioneaibi.it\/faris\/faris-ciclo-webinar-adolescenti\/","title":{"rendered":"Faris. Un ciclo di webinar sugli adolescenti: ecco il programma completo"},"content":{"rendered":"<h2>Da marted\u00ec 15 febbraio sono in programma una serie di webinar dedicati ai problemi, le difficolt\u00e0 e le opportunit\u00e0 dell\u2019adolescenza\u2026 Un\u2019occasione importante di confronto per genitori, famiglie ed educatori<\/h2>\n<p>Lo dice l\u2019esperienza delle famiglie e lo dicono, purtroppo, le cronache pi\u00f9 recenti: <strong>l\u2019adolescenza \u00e8 l\u2019et\u00e0 pi\u00f9 delicata<\/strong> per i ragazzi e pi\u00f9 complicata da comprendere e gestire per i genitori. La pandemia ha messo a nudo tutte le difficolt\u00e0 di questa <strong>et\u00e0 di passaggio<\/strong>, con una crescita vertiginosa delle richieste di aiuto e sostegno psicologico, cos\u00ec come, purtroppo, dei tentativi di suicidio e gli atti di autolesionismo.<br \/>\nBasti pensare che, come <a href=\"https:\/\/www.ansa.it\/sito\/notizie\/cronaca\/2022\/02\/06\/il-65-dei-minorenni-fa-parte-di-una-baby-gang_8320d17f-c382-4b30-963a-bad2af02b58a.html\" target=\"_blank\" rel=\"noopener\">rilanciato dall\u2019Ansa<\/a>, secondo l&#8217;Osservatorio nazionale sull&#8217;adolescenza, istituito presso il Ministero per la famiglia, il 6,5% dei minorenni fa parte di una banda, il 16% ha commesso atti vandalici, mentre tre ragazzi su dieci hanno partecipato a una rissa.<br \/>\nMa l\u2019adolescenza, certo, non \u00e8 solo questo: nella sua delicatezza \u00e8 anche un momento di <strong>profondo cambiamento e di possibilit\u00e0<\/strong>, di scoperta e di possibile slancio verso il futuro. Ed \u00e8 senza dubbio un\u2019et\u00e0 fondamentale per gettare le radici della vita futura.<\/p>\n<h3>Faris. Una serie di webinar sui temi legati all\u2019adolescenza<\/h3>\n<p>Nasce da questa consapevolezza e dalla grande esperienza maturata durante gli anni da parte di tutto la staff di Faris \u2013 Family Relationship International School, la scuola di relazioni familiari di Ai.Bi., l\u2019idea di organizzare un <strong>ciclo di appuntamenti dedicato proprio agli adolescenti<\/strong>, cercando di analizzare diversi aspetti e problematiche legate a questa et\u00e0. Momenti molto utili per approfondire le conoscenze e, soprattutto, per confrontarsi tra genitori e famiglie che vivono le stesse difficolt\u00e0, guidati dai conigli e gli spunti di chi con gli adolescenti lavora da anni.<br \/>\nIl primo appuntamento, in ordine di tempo, \u00e8 in programma <strong>marted\u00ec 15 febbario<\/strong>, con il webinar \u201c<a href=\"https:\/\/www.fondazioneaibi.it\/faris\/prodotto\/webinar-adolescenti-conoscerli-per-amarli\/\">Adolescenti: conoscerli per amarli<\/a>\u201d, rivolto ai genitori che vogliono avere nuovi spunti di riflessione e suggerimenti su come ri-conoscere i propri figli che vivono l\u2019et\u00e0 dell\u2019adolescenza e a tutte quelle persone interessate all\u2019argomento proposto.<br \/>\n<strong>Gioved\u00ec 24 febbraio<\/strong>, invece, sar\u00e0 la volta del webiner \u201c<a href=\"https:\/\/www.fondazioneaibi.it\/faris\/prodotto\/webinar-gli-adolescenti-e-le-loro-reazioni-come-gestirle\/\">Gli Adolescenti e le loro Reazioni, come gestirle?\u201d,<\/a> che punter\u00e0 l\u2019attenzione sulle reazioni che possono sembrare esagerate e incontrollate da parte dei ragazzi. Reazioni che mettono a dura prova la nostra \u201ctenuta educativa\u201d, nonch\u00e9 la nostra pazienza. Il webinar sar\u00e0 condotto da <strong>Prof.ssa Pinella Crim\u00ec<\/strong>, Docente e Delegata alla Scuola per il Forum Nazionale delle Associazioni Familiari.<\/p>\n<h3>Gli adolescenti e i loro problemi<\/h3>\n<p>Spostandosi sui problemi che gli adolescenti e i loro genitori si trovano ad affrontare quotidianamente, <strong>marted\u00ec 1 marzo<\/strong> Faris propone il webinar \u201c<a href=\"https:\/\/www.fondazioneaibi.it\/faris\/prodotto\/webinar-gli-adolescenti-e-il-rischio-della-pornografia-online\/\">Gli adolescenti e il rischio della pornografia online<\/a>\u201d, il cui titolo \u00e8 gi\u00e0 ampiamente esaustivo rispetto alle tematiche che verranno affrontate.<br \/>\nAltro argomento molto delicato e nello stesso tempo fondamentale durante l\u2019adolescenza \u00e8 quello della <strong>sessualit\u00e0<\/strong>, a cui \u00e8 dedicato il webinar di <strong>marted\u00ec 15 marzo<\/strong> \u201c<a href=\"https:\/\/www.fondazioneaibi.it\/faris\/prodotto\/webinar-la-sessualita-in-adolescenza\/\">La sessualit\u00e0 in Adolescenza<\/a>\u201d. Nel periodo della pubert\u00e0, infatti, avvengono grandi cambiamenti fisici e psicologici. Queste trasformazioni avvengono in maniera repentina, tendendo a spaventare e a incuriosire sia i ragazzi stessi sia i loro genitori. A parlarne sar\u00e0 il <strong>Dott. Diego Moretti<\/strong>, pedagogista, formatore, responsabile didattico del Family Relationship International School e responsabile dell\u2019area minori di AIBC SCS.<br \/>\nDue giorni dopo, <strong>gioved\u00ec 17 marzo<\/strong>, invece, si parler\u00e0 di scuola, con il webinar \u201c<a href=\"https:\/\/www.fondazioneaibi.it\/faris\/prodotto\/webinar-scuola-e-giovani-opportunita-mancata\/\">Scuola e giovani, opportunit\u00e0 mancata<\/a>?\u201d, proposto per riflettere insieme sulle dinamiche educative che vengono a crearsi all\u2019interno delle classi nelle nostre scuole, rese sempre pi\u00f9 complesse dalla situazione di pandemia che stiamo vivendo. Docente sar\u00e0 sempre <strong>Prof.ssa Pinella Crim\u00ec.<br \/>\n<\/strong>L\u2019ultimo appuntamento,<strong> mercoled\u00ec 30 marzo, <\/strong>sar\u00e0 con il webinar \u201c<a href=\"https:\/\/www.fondazioneaibi.it\/faris\/prodotto\/webinar-cyberbullismo-come-riconoscere-i-segnali-e-come-intervenire\/\">Cyberbullismo: come riconoscere i segnali e come intervenire<\/a>\u201d, incentrato su una tematica sempre pi\u00f9 sentita e \u201crischiosa\u201d soprattutto per i minori e gli adolescenti, chiamati anche nativi digitali.<\/p>\n<p>L\u2019elenco di tutti i webinar \u00e8 disponibile alla <a href=\"https:\/\/www.fondazioneaibi.it\/faris\/categoria-prodotto\/webinar\/genitori-e-figli\/adolescenti\/\">pagina dedicata<\/a> sul sito Faris. Oppure scrivendo una mail a faris@fondazioneaibi.it<\/p>\n","protected":false},"excerpt":{"rendered":"<p>Da marted\u00ec 15 febbraio sono in programma una serie di webinar dedicati ai problemi, le difficolt\u00e0 e le opportunit\u00e0 dell\u2019adolescenza\u2026 Un\u2019occasione importante di confronto per genitori, famiglie ed educatori Lo dice l\u2019esperienza delle famiglie e lo dicono, purtroppo, le cronache pi\u00f9 recenti: l\u2019adolescenza \u00e8 l\u2019et\u00e0 pi\u00f9 delicata per i ragazzi e pi\u00f9 complicata da comprendere [&hellip;]<\/p>\n","protected":false},"author":18,"featured_media":7689,"comment_status":"open","ping_status":"open","sticky":false,"template":"","format":"standard","meta":{"footnotes":""},"categories":[1],"tags":[133,138],"class_list":["post-7687","post","type-post","status-publish","format-standard","has-post-thumbnail","hentry","category-news","tag-adolescenti","tag-webinar"],"yoast_head":"<!-- This site is optimized with the Yoast SEO plugin v26.9 - https:\/\/yoast.com\/product\/yoast-seo-wordpress\/ -->\n<title>Faris. Un ciclo di webinar sugli adolescenti<\/title>\n<meta name=\"description\" content=\"Faris propone una serie di webinar dedicati agli adolescenti. Un\u2019occasione importante di confronto per genitori, famiglie ed educatoriari\" \/>\n<meta name=\"robots\" content=\"index, follow, max-snippet:-1, max-image-preview:large, max-video-preview:-1\" \/>\n<link rel=\"canonical\" href=\"https:\/\/www.fondazioneaibi.it\/faris\/faris-ciclo-webinar-adolescenti\/\" \/>\n<meta property=\"og:locale\" content=\"it_IT\" \/>\n<meta property=\"og:type\" content=\"article\" \/>\n<meta property=\"og:title\" content=\"Faris. Un ciclo di webinar sugli adolescenti\" \/>\n<meta property=\"og:description\" content=\"Faris propone una serie di webinar dedicati agli adolescenti. Un\u2019occasione importante di confronto per genitori, famiglie ed educatoriari\" \/>\n<meta property=\"og:url\" content=\"https:\/\/www.fondazioneaibi.it\/faris\/faris-ciclo-webinar-adolescenti\/\" \/>\n<meta property=\"og:site_name\" content=\"Faris\" \/>\n<meta property=\"article:published_time\" content=\"2022-02-07T16:11:00+00:00\" \/>\n<meta property=\"article:modified_time\" content=\"2022-02-09T08:46:47+00:00\" \/>\n<meta property=\"og:image\" content=\"https:\/\/www.fondazioneaibi.it\/faris\/wp-content\/uploads\/2022\/02\/Faris_adolescenti.jpg\" \/>\n\t<meta property=\"og:image:width\" content=\"1200\" \/>\n\t<meta property=\"og:image:height\" content=\"630\" \/>\n\t<meta property=\"og:image:type\" content=\"image\/jpeg\" \/>\n<meta name=\"author\" content=\"francescoE\" \/>\n<meta name=\"twitter:card\" content=\"summary_large_image\" \/>\n<meta name=\"twitter:label1\" content=\"Scritto da\" \/>\n\t<meta name=\"twitter:data1\" content=\"francescoE\" \/>\n\t<meta name=\"twitter:label2\" content=\"Tempo di lettura stimato\" \/>\n\t<meta name=\"twitter:data2\" content=\"3 minuti\" \/>\n<script type=\"application\/ld+json\" class=\"yoast-schema-graph\">{\"@context\":\"https:\/\/schema.org\",\"@graph\":[{\"@type\":\"Article\",\"@id\":\"https:\/\/www.fondazioneaibi.it\/faris\/faris-ciclo-webinar-adolescenti\/#article\",\"isPartOf\":{\"@id\":\"https:\/\/www.fondazioneaibi.it\/faris\/faris-ciclo-webinar-adolescenti\/\"},\"author\":{\"name\":\"francescoE\",\"@id\":\"https:\/\/www.fondazioneaibi.it\/faris\/#\/schema\/person\/ad772d30be3e6bd1b1919619ef0ecb8d\"},\"headline\":\"Faris. Un ciclo di webinar sugli adolescenti: ecco il programma completo\",\"datePublished\":\"2022-02-07T16:11:00+00:00\",\"dateModified\":\"2022-02-09T08:46:47+00:00\",\"mainEntityOfPage\":{\"@id\":\"https:\/\/www.fondazioneaibi.it\/faris\/faris-ciclo-webinar-adolescenti\/\"},\"wordCount\":651,\"commentCount\":0,\"publisher\":{\"@id\":\"https:\/\/www.fondazioneaibi.it\/faris\/#organization\"},\"image\":{\"@id\":\"https:\/\/www.fondazioneaibi.it\/faris\/faris-ciclo-webinar-adolescenti\/#primaryimage\"},\"thumbnailUrl\":\"https:\/\/www.fondazioneaibi.it\/faris\/wp-content\/uploads\/2022\/02\/Faris_adolescenti.jpg\",\"keywords\":[\"adolescenti\",\"webinar\"],\"articleSection\":[\"News\"],\"inLanguage\":\"it-IT\",\"potentialAction\":[{\"@type\":\"CommentAction\",\"name\":\"Comment\",\"target\":[\"https:\/\/www.fondazioneaibi.it\/faris\/faris-ciclo-webinar-adolescenti\/#respond\"]}]},{\"@type\":\"WebPage\",\"@id\":\"https:\/\/www.fondazioneaibi.it\/faris\/faris-ciclo-webinar-adolescenti\/\",\"url\":\"https:\/\/www.fondazioneaibi.it\/faris\/faris-ciclo-webinar-adolescenti\/\",\"name\":\"Faris. Un ciclo di webinar sugli adolescenti\",\"isPartOf\":{\"@id\":\"https:\/\/www.fondazioneaibi.it\/faris\/#website\"},\"primaryImageOfPage\":{\"@id\":\"https:\/\/www.fondazioneaibi.it\/faris\/faris-ciclo-webinar-adolescenti\/#primaryimage\"},\"image\":{\"@id\":\"https:\/\/www.fondazioneaibi.it\/faris\/faris-ciclo-webinar-adolescenti\/#primaryimage\"},\"thumbnailUrl\":\"https:\/\/www.fondazioneaibi.it\/faris\/wp-content\/uploads\/2022\/02\/Faris_adolescenti.jpg\",\"datePublished\":\"2022-02-07T16:11:00+00:00\",\"dateModified\":\"2022-02-09T08:46:47+00:00\",\"description\":\"Faris propone una serie di webinar dedicati agli adolescenti. Un\u2019occasione importante di confronto per genitori, famiglie ed educatoriari\",\"breadcrumb\":{\"@id\":\"https:\/\/www.fondazioneaibi.it\/faris\/faris-ciclo-webinar-adolescenti\/#breadcrumb\"},\"inLanguage\":\"it-IT\",\"potentialAction\":[{\"@type\":\"ReadAction\",\"target\":[\"https:\/\/www.fondazioneaibi.it\/faris\/faris-ciclo-webinar-adolescenti\/\"]}]},{\"@type\":\"ImageObject\",\"inLanguage\":\"it-IT\",\"@id\":\"https:\/\/www.fondazioneaibi.it\/faris\/faris-ciclo-webinar-adolescenti\/#primaryimage\",\"url\":\"https:\/\/www.fondazioneaibi.it\/faris\/wp-content\/uploads\/2022\/02\/Faris_adolescenti.jpg\",\"contentUrl\":\"https:\/\/www.fondazioneaibi.it\/faris\/wp-content\/uploads\/2022\/02\/Faris_adolescenti.jpg\",\"width\":1200,\"height\":630},{\"@type\":\"BreadcrumbList\",\"@id\":\"https:\/\/www.fondazioneaibi.it\/faris\/faris-ciclo-webinar-adolescenti\/#breadcrumb\",\"itemListElement\":[{\"@type\":\"ListItem\",\"position\":1,\"name\":\"Home\",\"item\":\"https:\/\/www.fondazioneaibi.it\/faris\/\"},{\"@type\":\"ListItem\",\"position\":2,\"name\":\"Faris. Un ciclo di webinar sugli adolescenti: ecco il programma completo\"}]},{\"@type\":\"WebSite\",\"@id\":\"https:\/\/www.fondazioneaibi.it\/faris\/#website\",\"url\":\"https:\/\/www.fondazioneaibi.it\/faris\/\",\"name\":\"Faris\",\"description\":\"Faris\",\"publisher\":{\"@id\":\"https:\/\/www.fondazioneaibi.it\/faris\/#organization\"},\"potentialAction\":[{\"@type\":\"SearchAction\",\"target\":{\"@type\":\"EntryPoint\",\"urlTemplate\":\"https:\/\/www.fondazioneaibi.it\/faris\/?s={search_term_string}\"},\"query-input\":{\"@type\":\"PropertyValueSpecification\",\"valueRequired\":true,\"valueName\":\"search_term_string\"}}],\"inLanguage\":\"it-IT\"},{\"@type\":\"Organization\",\"@id\":\"https:\/\/www.fondazioneaibi.it\/faris\/#organization\",\"name\":\"Faris\",\"url\":\"https:\/\/www.fondazioneaibi.it\/faris\/\",\"logo\":{\"@type\":\"ImageObject\",\"inLanguage\":\"it-IT\",\"@id\":\"https:\/\/www.fondazioneaibi.it\/faris\/#\/schema\/logo\/image\/\",\"url\":\"https:\/\/www.fondazioneaibi.it\/faris\/wp-content\/uploads\/2021\/03\/FARIS-LOGO-WEB-SITE-payoff-490x109.png\",\"contentUrl\":\"https:\/\/www.fondazioneaibi.it\/faris\/wp-content\/uploads\/2021\/03\/FARIS-LOGO-WEB-SITE-payoff-490x109.png\",\"width\":494,\"height\":110,\"caption\":\"Faris\"},\"image\":{\"@id\":\"https:\/\/www.fondazioneaibi.it\/faris\/#\/schema\/logo\/image\/\"}},{\"@type\":\"Person\",\"@id\":\"https:\/\/www.fondazioneaibi.it\/faris\/#\/schema\/person\/ad772d30be3e6bd1b1919619ef0ecb8d\",\"name\":\"francescoE\",\"image\":{\"@type\":\"ImageObject\",\"inLanguage\":\"it-IT\",\"@id\":\"https:\/\/www.fondazioneaibi.it\/faris\/#\/schema\/person\/image\/\",\"url\":\"https:\/\/secure.gravatar.com\/avatar\/eb25bc3259115f3cc20fd1978e06816ae94cd44934e33996da7a734be3641d43?s=96&d=mm&r=g\",\"contentUrl\":\"https:\/\/secure.gravatar.com\/avatar\/eb25bc3259115f3cc20fd1978e06816ae94cd44934e33996da7a734be3641d43?s=96&d=mm&r=g\",\"caption\":\"francescoE\"},\"url\":\"https:\/\/www.fondazioneaibi.it\/faris\/author\/francescoe\/\"}]}<\/script>\n<!-- \/ Yoast SEO plugin. -->","yoast_head_json":{"title":"Faris. Un ciclo di webinar sugli adolescenti","description":"Faris propone una serie di webinar dedicati agli adolescenti. Un\u2019occasione importante di confronto per genitori, famiglie ed educatoriari","robots":{"index":"index","follow":"follow","max-snippet":"max-snippet:-1","max-image-preview":"max-image-preview:large","max-video-preview":"max-video-preview:-1"},"canonical":"https:\/\/www.fondazioneaibi.it\/faris\/faris-ciclo-webinar-adolescenti\/","og_locale":"it_IT","og_type":"article","og_title":"Faris. Un ciclo di webinar sugli adolescenti","og_description":"Faris propone una serie di webinar dedicati agli adolescenti. Un\u2019occasione importante di confronto per genitori, famiglie ed educatoriari","og_url":"https:\/\/www.fondazioneaibi.it\/faris\/faris-ciclo-webinar-adolescenti\/","og_site_name":"Faris","article_published_time":"2022-02-07T16:11:00+00:00","article_modified_time":"2022-02-09T08:46:47+00:00","og_image":[{"width":1200,"height":630,"url":"https:\/\/www.fondazioneaibi.it\/faris\/wp-content\/uploads\/2022\/02\/Faris_adolescenti.jpg","type":"image\/jpeg"}],"author":"francescoE","twitter_card":"summary_large_image","twitter_misc":{"Scritto da":"francescoE","Tempo di lettura stimato":"3 minuti"},"schema":{"@context":"https:\/\/schema.org","@graph":[{"@type":"Article","@id":"https:\/\/www.fondazioneaibi.it\/faris\/faris-ciclo-webinar-adolescenti\/#article","isPartOf":{"@id":"https:\/\/www.fondazioneaibi.it\/faris\/faris-ciclo-webinar-adolescenti\/"},"author":{"name":"francescoE","@id":"https:\/\/www.fondazioneaibi.it\/faris\/#\/schema\/person\/ad772d30be3e6bd1b1919619ef0ecb8d"},"headline":"Faris. Un ciclo di webinar sugli adolescenti: ecco il programma completo","datePublished":"2022-02-07T16:11:00+00:00","dateModified":"2022-02-09T08:46:47+00:00","mainEntityOfPage":{"@id":"https:\/\/www.fondazioneaibi.it\/faris\/faris-ciclo-webinar-adolescenti\/"},"wordCount":651,"commentCount":0,"publisher":{"@id":"https:\/\/www.fondazioneaibi.it\/faris\/#organization"},"image":{"@id":"https:\/\/www.fondazioneaibi.it\/faris\/faris-ciclo-webinar-adolescenti\/#primaryimage"},"thumbnailUrl":"https:\/\/www.fondazioneaibi.it\/faris\/wp-content\/uploads\/2022\/02\/Faris_adolescenti.jpg","keywords":["adolescenti","webinar"],"articleSection":["News"],"inLanguage":"it-IT","potentialAction":[{"@type":"CommentAction","name":"Comment","target":["https:\/\/www.fondazioneaibi.it\/faris\/faris-ciclo-webinar-adolescenti\/#respond"]}]},{"@type":"WebPage","@id":"https:\/\/www.fondazioneaibi.it\/faris\/faris-ciclo-webinar-adolescenti\/","url":"https:\/\/www.fondazioneaibi.it\/faris\/faris-ciclo-webinar-adolescenti\/","name":"Faris. Un ciclo di webinar sugli adolescenti","isPartOf":{"@id":"https:\/\/www.fondazioneaibi.it\/faris\/#website"},"primaryImageOfPage":{"@id":"https:\/\/www.fondazioneaibi.it\/faris\/faris-ciclo-webinar-adolescenti\/#primaryimage"},"image":{"@id":"https:\/\/www.fondazioneaibi.it\/faris\/faris-ciclo-webinar-adolescenti\/#primaryimage"},"thumbnailUrl":"https:\/\/www.fondazioneaibi.it\/faris\/wp-content\/uploads\/2022\/02\/Faris_adolescenti.jpg","datePublished":"2022-02-07T16:11:00+00:00","dateModified":"2022-02-09T08:46:47+00:00","description":"Faris propone una serie di webinar dedicati agli adolescenti. Un\u2019occasione importante di confronto per genitori, famiglie ed educatoriari","breadcrumb":{"@id":"https:\/\/www.fondazioneaibi.it\/faris\/faris-ciclo-webinar-adolescenti\/#breadcrumb"},"inLanguage":"it-IT","potentialAction":[{"@type":"ReadAction","target":["https:\/\/www.fondazioneaibi.it\/faris\/faris-ciclo-webinar-adolescenti\/"]}]},{"@type":"ImageObject","inLanguage":"it-IT","@id":"https:\/\/www.fondazioneaibi.it\/faris\/faris-ciclo-webinar-adolescenti\/#primaryimage","url":"https:\/\/www.fondazioneaibi.it\/faris\/wp-content\/uploads\/2022\/02\/Faris_adolescenti.jpg","contentUrl":"https:\/\/www.fondazioneaibi.it\/faris\/wp-content\/uploads\/2022\/02\/Faris_adolescenti.jpg","width":1200,"height":630},{"@type":"BreadcrumbList","@id":"https:\/\/www.fondazioneaibi.it\/faris\/faris-ciclo-webinar-adolescenti\/#breadcrumb","itemListElement":[{"@type":"ListItem","position":1,"name":"Home","item":"https:\/\/www.fondazioneaibi.it\/faris\/"},{"@type":"ListItem","position":2,"name":"Faris. Un ciclo di webinar sugli adolescenti: ecco il programma completo"}]},{"@type":"WebSite","@id":"https:\/\/www.fondazioneaibi.it\/faris\/#website","url":"https:\/\/www.fondazioneaibi.it\/faris\/","name":"Faris","description":"Faris","publisher":{"@id":"https:\/\/www.fondazioneaibi.it\/faris\/#organization"},"potentialAction":[{"@type":"SearchAction","target":{"@type":"EntryPoint","urlTemplate":"https:\/\/www.fondazioneaibi.it\/faris\/?s={search_term_string}"},"query-input":{"@type":"PropertyValueSpecification","valueRequired":true,"valueName":"search_term_string"}}],"inLanguage":"it-IT"},{"@type":"Organization","@id":"https:\/\/www.fondazioneaibi.it\/faris\/#organization","name":"Faris","url":"https:\/\/www.fondazioneaibi.it\/faris\/","logo":{"@type":"ImageObject","inLanguage":"it-IT","@id":"https:\/\/www.fondazioneaibi.it\/faris\/#\/schema\/logo\/image\/","url":"https:\/\/www.fondazioneaibi.it\/faris\/wp-content\/uploads\/2021\/03\/FARIS-LOGO-WEB-SITE-payoff-490x109.png","contentUrl":"https:\/\/www.fondazioneaibi.it\/faris\/wp-content\/uploads\/2021\/03\/FARIS-LOGO-WEB-SITE-payoff-490x109.png","width":494,"height":110,"caption":"Faris"},"image":{"@id":"https:\/\/www.fondazioneaibi.it\/faris\/#\/schema\/logo\/image\/"}},{"@type":"Person","@id":"https:\/\/www.fondazioneaibi.it\/faris\/#\/schema\/person\/ad772d30be3e6bd1b1919619ef0ecb8d","name":"francescoE","image":{"@type":"ImageObject","inLanguage":"it-IT","@id":"https:\/\/www.fondazioneaibi.it\/faris\/#\/schema\/person\/image\/","url":"https:\/\/secure.gravatar.com\/avatar\/eb25bc3259115f3cc20fd1978e06816ae94cd44934e33996da7a734be3641d43?s=96&d=mm&r=g","contentUrl":"https:\/\/secure.gravatar.com\/avatar\/eb25bc3259115f3cc20fd1978e06816ae94cd44934e33996da7a734be3641d43?s=96&d=mm&r=g","caption":"francescoE"},"url":"https:\/\/www.fondazioneaibi.it\/faris\/author\/francescoe\/"}]}},"_links":{"self":[{"href":"https:\/\/www.fondazioneaibi.it\/faris\/wp-json\/wp\/v2\/posts\/7687","targetHints":{"allow":["GET"]}}],"collection":[{"href":"https:\/\/www.fondazioneaibi.it\/faris\/wp-json\/wp\/v2\/posts"}],"about":[{"href":"https:\/\/www.fondazioneaibi.it\/faris\/wp-json\/wp\/v2\/types\/post"}],"author":[{"embeddable":true,"href":"https:\/\/www.fondazioneaibi.it\/faris\/wp-json\/wp\/v2\/users\/18"}],"replies":[{"embeddable":true,"href":"https:\/\/www.fondazioneaibi.it\/faris\/wp-json\/wp\/v2\/comments?post=7687"}],"version-history":[{"count":5,"href":"https:\/\/www.fondazioneaibi.it\/faris\/wp-json\/wp\/v2\/posts\/7687\/revisions"}],"predecessor-version":[{"id":7711,"href":"https:\/\/www.fondazioneaibi.it\/faris\/wp-json\/wp\/v2\/posts\/7687\/revisions\/7711"}],"wp:featuredmedia":[{"embeddable":true,"href":"https:\/\/www.fondazioneaibi.it\/faris\/wp-json\/wp\/v2\/media\/7689"}],"wp:attachment":[{"href":"https:\/\/www.fondazioneaibi.it\/faris\/wp-json\/wp\/v2\/media?parent=7687"}],"wp:term":[{"taxonomy":"category","embeddable":true,"href":"https:\/\/www.fondazioneaibi.it\/faris\/wp-json\/wp\/v2\/categories?post=7687"},{"taxonomy":"post_tag","embeddable":true,"href":"https:\/\/www.fondazioneaibi.it\/faris\/wp-json\/wp\/v2\/tags?post=7687"}],"curies":[{"name":"wp","href":"https:\/\/api.w.org\/{rel}","templated":true}]}}