{"id":6155,"date":"2021-07-22T15:53:55","date_gmt":"2021-07-22T13:53:55","guid":{"rendered":"https:\/\/www.fondazioneaibi.it\/faris\/?p=6155"},"modified":"2021-07-22T15:53:55","modified_gmt":"2021-07-22T13:53:55","slug":"cyberbullismo-un-webinar-il-3-agosto-per-imparare-a-conoscerlo-e-stare-accanto-ai-figli","status":"publish","type":"post","link":"https:\/\/www.fondazioneaibi.it\/faris\/cyberbullismo-un-webinar-il-3-agosto-per-imparare-a-conoscerlo-e-stare-accanto-ai-figli\/","title":{"rendered":"Cyberbullismo: un webinar il 3 agosto per imparare a conoscerlo e stare accanto ai figli"},"content":{"rendered":"<h2><strong>Faris presenta un corso gratuito per aiutare i genitori a informarsi sul cyberbullismo e avere i mezzi per intervenire nel caso in cui i figli ne fossero coinvolti. Come vittime e autori, anche inconsapevoli. Appuntamento il 3 agosto alle ore 17<\/strong><\/h2>\n<p>Nelle ultime settimane, relativamente al rapporto genitori \u2013 figli \u2013 si \u00e8 molto discusso sull\u2019<strong>opportunit\u00e0 di \u201cspiare\u201d o meno i profili social di questi ultimi<\/strong>. La finalit\u00e0 di questa azione, va da s\u00e9, \u00e8 la sicurezza del figlio e il controllo da parte dei genitori sui pericoli che il web e i social comportano. Dall\u2019altro lato, per\u00f2, qualcuno ha sollevato questioni di privacy o, meglio, di <strong>opportunit\u00e0<\/strong> di un\u2019azione che, da parte di chi la subisce, pu\u00f2 risultare senza dubbio invasiva, invadente e sgradita, specie in un\u2019et\u00e0 in cui ai genitori non si vorrebbe dire nemmeno cosa si \u00e8 mangiato in mensa\u2026<\/p>\n<h3><strong>Cyberbullismo: un webinar gratuito in programma il 3 agosto<\/strong><\/h3>\n<p>La questione non \u00e8 sicuramente semplice, ma diventano ineludibili davanti a questioni pericolose e fondamentali per il benessere dei figli come quelle relative al cyberbullismo. \u00c8 proprio per discuterne e rifletterne insieme che Faris organizza un webinar gratuito, rivolto ai genitori che desiderano <strong>informarsi sul cyberbullismo<\/strong>, nell\u2019ottica di acquisire quelle conoscenze, anche pratiche, che possano consentire loro di <strong>prevenire<\/strong> il problema o <strong>intervenire<\/strong> nel caso in cui i figli venissero coinvolti, tanto come vittime quanto come autori, anche non intenzionali, di cyberbullismo.<\/p>\n<p>Il webinar prevede la presentazione di alcuni <strong>contenuti teorici<\/strong> che possono aiutare i genitori a comprendere un mondo non sempre per loro familiare ma diventato, per i figli, il principale, se non l\u2019unico, canale di comunicazione.<br \/>\nAlla teoria seguir\u00e0 poi l\u2019esposizione di alcune <strong>case history<\/strong> in grado di far emergere eventuali vissuti tra i partecipanti e stimolare un confronto fra tutti i presenti.<\/p>\n<p>Docente del corso \u00e8\u00a0la dottoressa <strong>Rosa Flauto<\/strong>, pedagogista di AIBC cooperativa sociale.<br \/>\nLa partecipazione al webinar gratuito, in programma marted\u00ec 3 agosto alle ore 17, prevede il <strong>rilascio di un attestato<\/strong> di partecipazione.<br \/>\nA <a href=\"https:\/\/www.fondazioneaibi.it\/faris\/prodotto\/webinar-cyberbullismo-come-riconoscere-i-segnali-e-intervenire\/\">questa pagina<\/a> si possono trovare tutte le informazioni. Oppure, scrivendo a <u><a href=\"mailto:faris@fondazioneaibi.it\">faris@fondazioneaibi.it<\/a><\/u><\/p>\n","protected":false},"excerpt":{"rendered":"<p>Faris presenta un corso gratuito per aiutare i genitori a informarsi sul cyberbullismo e avere i mezzi per intervenire nel caso in cui i figli ne fossero coinvolti. Come vittime e autori, anche inconsapevoli. Appuntamento il 3 agosto alle ore 17 Nelle ultime settimane, relativamente al rapporto genitori \u2013 figli \u2013 si \u00e8 molto discusso [&hellip;]<\/p>\n","protected":false},"author":18,"featured_media":6156,"comment_status":"open","ping_status":"open","sticky":false,"template":"","format":"standard","meta":{"footnotes":""},"categories":[1],"tags":[148,170,138],"class_list":["post-6155","post","type-post","status-publish","format-standard","has-post-thumbnail","hentry","category-news","tag-bullismo","tag-cyberbullismo","tag-webinar"],"yoast_head":"<!-- This site is optimized with the Yoast SEO plugin v26.9 - https:\/\/yoast.com\/product\/yoast-seo-wordpress\/ -->\n<title>Cyberbullismo: un webinar per imparare a stare accanto ai figli<\/title>\n<meta name=\"description\" content=\"Faris presenta un corso gratuito per aiutare i genitori a informarsi sul cyberbullismo e avere i mezzi per intervenire nel caso in cui i figli ne fossero coinvolti\" \/>\n<meta name=\"robots\" content=\"index, follow, max-snippet:-1, max-image-preview:large, max-video-preview:-1\" \/>\n<link rel=\"canonical\" href=\"https:\/\/www.fondazioneaibi.it\/faris\/cyberbullismo-un-webinar-il-3-agosto-per-imparare-a-conoscerlo-e-stare-accanto-ai-figli\/\" \/>\n<meta property=\"og:locale\" content=\"it_IT\" \/>\n<meta property=\"og:type\" content=\"article\" \/>\n<meta property=\"og:title\" content=\"Cyberbullismo: un webinar per imparare a stare accanto ai figli\" \/>\n<meta property=\"og:description\" content=\"Faris presenta un corso gratuito per aiutare i genitori a informarsi sul cyberbullismo e avere i mezzi per intervenire nel caso in cui i figli ne fossero coinvolti\" \/>\n<meta property=\"og:url\" content=\"https:\/\/www.fondazioneaibi.it\/faris\/cyberbullismo-un-webinar-il-3-agosto-per-imparare-a-conoscerlo-e-stare-accanto-ai-figli\/\" \/>\n<meta property=\"og:site_name\" content=\"Faris\" \/>\n<meta property=\"article:published_time\" content=\"2021-07-22T13:53:55+00:00\" \/>\n<meta property=\"og:image\" content=\"https:\/\/www.fondazioneaibi.it\/faris\/wp-content\/uploads\/2021\/07\/cyberbullismo_Faris.jpg\" \/>\n\t<meta property=\"og:image:width\" content=\"1200\" \/>\n\t<meta property=\"og:image:height\" content=\"630\" \/>\n\t<meta property=\"og:image:type\" content=\"image\/jpeg\" \/>\n<meta name=\"author\" content=\"francescoE\" \/>\n<meta name=\"twitter:card\" content=\"summary_large_image\" \/>\n<meta name=\"twitter:label1\" content=\"Scritto da\" \/>\n\t<meta name=\"twitter:data1\" content=\"francescoE\" \/>\n\t<meta name=\"twitter:label2\" content=\"Tempo di lettura stimato\" \/>\n\t<meta name=\"twitter:data2\" content=\"2 minuti\" \/>\n<script type=\"application\/ld+json\" class=\"yoast-schema-graph\">{\"@context\":\"https:\/\/schema.org\",\"@graph\":[{\"@type\":\"Article\",\"@id\":\"https:\/\/www.fondazioneaibi.it\/faris\/cyberbullismo-un-webinar-il-3-agosto-per-imparare-a-conoscerlo-e-stare-accanto-ai-figli\/#article\",\"isPartOf\":{\"@id\":\"https:\/\/www.fondazioneaibi.it\/faris\/cyberbullismo-un-webinar-il-3-agosto-per-imparare-a-conoscerlo-e-stare-accanto-ai-figli\/\"},\"author\":{\"name\":\"francescoE\",\"@id\":\"https:\/\/www.fondazioneaibi.it\/faris\/#\/schema\/person\/ad772d30be3e6bd1b1919619ef0ecb8d\"},\"headline\":\"Cyberbullismo: un webinar il 3 agosto per imparare a conoscerlo e stare accanto ai figli\",\"datePublished\":\"2021-07-22T13:53:55+00:00\",\"mainEntityOfPage\":{\"@id\":\"https:\/\/www.fondazioneaibi.it\/faris\/cyberbullismo-un-webinar-il-3-agosto-per-imparare-a-conoscerlo-e-stare-accanto-ai-figli\/\"},\"wordCount\":354,\"commentCount\":0,\"publisher\":{\"@id\":\"https:\/\/www.fondazioneaibi.it\/faris\/#organization\"},\"image\":{\"@id\":\"https:\/\/www.fondazioneaibi.it\/faris\/cyberbullismo-un-webinar-il-3-agosto-per-imparare-a-conoscerlo-e-stare-accanto-ai-figli\/#primaryimage\"},\"thumbnailUrl\":\"https:\/\/www.fondazioneaibi.it\/faris\/wp-content\/uploads\/2021\/07\/cyberbullismo_Faris.jpg\",\"keywords\":[\"bullismo\",\"cyberbullismo\",\"webinar\"],\"articleSection\":[\"News\"],\"inLanguage\":\"it-IT\",\"potentialAction\":[{\"@type\":\"CommentAction\",\"name\":\"Comment\",\"target\":[\"https:\/\/www.fondazioneaibi.it\/faris\/cyberbullismo-un-webinar-il-3-agosto-per-imparare-a-conoscerlo-e-stare-accanto-ai-figli\/#respond\"]}]},{\"@type\":\"WebPage\",\"@id\":\"https:\/\/www.fondazioneaibi.it\/faris\/cyberbullismo-un-webinar-il-3-agosto-per-imparare-a-conoscerlo-e-stare-accanto-ai-figli\/\",\"url\":\"https:\/\/www.fondazioneaibi.it\/faris\/cyberbullismo-un-webinar-il-3-agosto-per-imparare-a-conoscerlo-e-stare-accanto-ai-figli\/\",\"name\":\"Cyberbullismo: un webinar per imparare a stare accanto ai figli\",\"isPartOf\":{\"@id\":\"https:\/\/www.fondazioneaibi.it\/faris\/#website\"},\"primaryImageOfPage\":{\"@id\":\"https:\/\/www.fondazioneaibi.it\/faris\/cyberbullismo-un-webinar-il-3-agosto-per-imparare-a-conoscerlo-e-stare-accanto-ai-figli\/#primaryimage\"},\"image\":{\"@id\":\"https:\/\/www.fondazioneaibi.it\/faris\/cyberbullismo-un-webinar-il-3-agosto-per-imparare-a-conoscerlo-e-stare-accanto-ai-figli\/#primaryimage\"},\"thumbnailUrl\":\"https:\/\/www.fondazioneaibi.it\/faris\/wp-content\/uploads\/2021\/07\/cyberbullismo_Faris.jpg\",\"datePublished\":\"2021-07-22T13:53:55+00:00\",\"description\":\"Faris presenta un corso gratuito per aiutare i genitori a informarsi sul cyberbullismo e avere i mezzi per intervenire nel caso in cui i figli ne fossero coinvolti\",\"breadcrumb\":{\"@id\":\"https:\/\/www.fondazioneaibi.it\/faris\/cyberbullismo-un-webinar-il-3-agosto-per-imparare-a-conoscerlo-e-stare-accanto-ai-figli\/#breadcrumb\"},\"inLanguage\":\"it-IT\",\"potentialAction\":[{\"@type\":\"ReadAction\",\"target\":[\"https:\/\/www.fondazioneaibi.it\/faris\/cyberbullismo-un-webinar-il-3-agosto-per-imparare-a-conoscerlo-e-stare-accanto-ai-figli\/\"]}]},{\"@type\":\"ImageObject\",\"inLanguage\":\"it-IT\",\"@id\":\"https:\/\/www.fondazioneaibi.it\/faris\/cyberbullismo-un-webinar-il-3-agosto-per-imparare-a-conoscerlo-e-stare-accanto-ai-figli\/#primaryimage\",\"url\":\"https:\/\/www.fondazioneaibi.it\/faris\/wp-content\/uploads\/2021\/07\/cyberbullismo_Faris.jpg\",\"contentUrl\":\"https:\/\/www.fondazioneaibi.it\/faris\/wp-content\/uploads\/2021\/07\/cyberbullismo_Faris.jpg\",\"width\":1200,\"height\":630},{\"@type\":\"BreadcrumbList\",\"@id\":\"https:\/\/www.fondazioneaibi.it\/faris\/cyberbullismo-un-webinar-il-3-agosto-per-imparare-a-conoscerlo-e-stare-accanto-ai-figli\/#breadcrumb\",\"itemListElement\":[{\"@type\":\"ListItem\",\"position\":1,\"name\":\"Home\",\"item\":\"https:\/\/www.fondazioneaibi.it\/faris\/\"},{\"@type\":\"ListItem\",\"position\":2,\"name\":\"Cyberbullismo: un webinar il 3 agosto per imparare a conoscerlo e stare accanto ai figli\"}]},{\"@type\":\"WebSite\",\"@id\":\"https:\/\/www.fondazioneaibi.it\/faris\/#website\",\"url\":\"https:\/\/www.fondazioneaibi.it\/faris\/\",\"name\":\"Faris\",\"description\":\"Faris\",\"publisher\":{\"@id\":\"https:\/\/www.fondazioneaibi.it\/faris\/#organization\"},\"potentialAction\":[{\"@type\":\"SearchAction\",\"target\":{\"@type\":\"EntryPoint\",\"urlTemplate\":\"https:\/\/www.fondazioneaibi.it\/faris\/?s={search_term_string}\"},\"query-input\":{\"@type\":\"PropertyValueSpecification\",\"valueRequired\":true,\"valueName\":\"search_term_string\"}}],\"inLanguage\":\"it-IT\"},{\"@type\":\"Organization\",\"@id\":\"https:\/\/www.fondazioneaibi.it\/faris\/#organization\",\"name\":\"Faris\",\"url\":\"https:\/\/www.fondazioneaibi.it\/faris\/\",\"logo\":{\"@type\":\"ImageObject\",\"inLanguage\":\"it-IT\",\"@id\":\"https:\/\/www.fondazioneaibi.it\/faris\/#\/schema\/logo\/image\/\",\"url\":\"https:\/\/www.fondazioneaibi.it\/faris\/wp-content\/uploads\/2021\/03\/FARIS-LOGO-WEB-SITE-payoff-490x109.png\",\"contentUrl\":\"https:\/\/www.fondazioneaibi.it\/faris\/wp-content\/uploads\/2021\/03\/FARIS-LOGO-WEB-SITE-payoff-490x109.png\",\"width\":494,\"height\":110,\"caption\":\"Faris\"},\"image\":{\"@id\":\"https:\/\/www.fondazioneaibi.it\/faris\/#\/schema\/logo\/image\/\"}},{\"@type\":\"Person\",\"@id\":\"https:\/\/www.fondazioneaibi.it\/faris\/#\/schema\/person\/ad772d30be3e6bd1b1919619ef0ecb8d\",\"name\":\"francescoE\",\"image\":{\"@type\":\"ImageObject\",\"inLanguage\":\"it-IT\",\"@id\":\"https:\/\/www.fondazioneaibi.it\/faris\/#\/schema\/person\/image\/\",\"url\":\"https:\/\/secure.gravatar.com\/avatar\/eb25bc3259115f3cc20fd1978e06816ae94cd44934e33996da7a734be3641d43?s=96&d=mm&r=g\",\"contentUrl\":\"https:\/\/secure.gravatar.com\/avatar\/eb25bc3259115f3cc20fd1978e06816ae94cd44934e33996da7a734be3641d43?s=96&d=mm&r=g\",\"caption\":\"francescoE\"},\"url\":\"https:\/\/www.fondazioneaibi.it\/faris\/author\/francescoe\/\"}]}<\/script>\n<!-- \/ Yoast SEO plugin. -->","yoast_head_json":{"title":"Cyberbullismo: un webinar per imparare a stare accanto ai figli","description":"Faris presenta un corso gratuito per aiutare i genitori a informarsi sul cyberbullismo e avere i mezzi per intervenire nel caso in cui i figli ne fossero coinvolti","robots":{"index":"index","follow":"follow","max-snippet":"max-snippet:-1","max-image-preview":"max-image-preview:large","max-video-preview":"max-video-preview:-1"},"canonical":"https:\/\/www.fondazioneaibi.it\/faris\/cyberbullismo-un-webinar-il-3-agosto-per-imparare-a-conoscerlo-e-stare-accanto-ai-figli\/","og_locale":"it_IT","og_type":"article","og_title":"Cyberbullismo: un webinar per imparare a stare accanto ai figli","og_description":"Faris presenta un corso gratuito per aiutare i genitori a informarsi sul cyberbullismo e avere i mezzi per intervenire nel caso in cui i figli ne fossero coinvolti","og_url":"https:\/\/www.fondazioneaibi.it\/faris\/cyberbullismo-un-webinar-il-3-agosto-per-imparare-a-conoscerlo-e-stare-accanto-ai-figli\/","og_site_name":"Faris","article_published_time":"2021-07-22T13:53:55+00:00","og_image":[{"width":1200,"height":630,"url":"https:\/\/www.fondazioneaibi.it\/faris\/wp-content\/uploads\/2021\/07\/cyberbullismo_Faris.jpg","type":"image\/jpeg"}],"author":"francescoE","twitter_card":"summary_large_image","twitter_misc":{"Scritto da":"francescoE","Tempo di lettura stimato":"2 minuti"},"schema":{"@context":"https:\/\/schema.org","@graph":[{"@type":"Article","@id":"https:\/\/www.fondazioneaibi.it\/faris\/cyberbullismo-un-webinar-il-3-agosto-per-imparare-a-conoscerlo-e-stare-accanto-ai-figli\/#article","isPartOf":{"@id":"https:\/\/www.fondazioneaibi.it\/faris\/cyberbullismo-un-webinar-il-3-agosto-per-imparare-a-conoscerlo-e-stare-accanto-ai-figli\/"},"author":{"name":"francescoE","@id":"https:\/\/www.fondazioneaibi.it\/faris\/#\/schema\/person\/ad772d30be3e6bd1b1919619ef0ecb8d"},"headline":"Cyberbullismo: un webinar il 3 agosto per imparare a conoscerlo e stare accanto ai figli","datePublished":"2021-07-22T13:53:55+00:00","mainEntityOfPage":{"@id":"https:\/\/www.fondazioneaibi.it\/faris\/cyberbullismo-un-webinar-il-3-agosto-per-imparare-a-conoscerlo-e-stare-accanto-ai-figli\/"},"wordCount":354,"commentCount":0,"publisher":{"@id":"https:\/\/www.fondazioneaibi.it\/faris\/#organization"},"image":{"@id":"https:\/\/www.fondazioneaibi.it\/faris\/cyberbullismo-un-webinar-il-3-agosto-per-imparare-a-conoscerlo-e-stare-accanto-ai-figli\/#primaryimage"},"thumbnailUrl":"https:\/\/www.fondazioneaibi.it\/faris\/wp-content\/uploads\/2021\/07\/cyberbullismo_Faris.jpg","keywords":["bullismo","cyberbullismo","webinar"],"articleSection":["News"],"inLanguage":"it-IT","potentialAction":[{"@type":"CommentAction","name":"Comment","target":["https:\/\/www.fondazioneaibi.it\/faris\/cyberbullismo-un-webinar-il-3-agosto-per-imparare-a-conoscerlo-e-stare-accanto-ai-figli\/#respond"]}]},{"@type":"WebPage","@id":"https:\/\/www.fondazioneaibi.it\/faris\/cyberbullismo-un-webinar-il-3-agosto-per-imparare-a-conoscerlo-e-stare-accanto-ai-figli\/","url":"https:\/\/www.fondazioneaibi.it\/faris\/cyberbullismo-un-webinar-il-3-agosto-per-imparare-a-conoscerlo-e-stare-accanto-ai-figli\/","name":"Cyberbullismo: un webinar per imparare a stare accanto ai figli","isPartOf":{"@id":"https:\/\/www.fondazioneaibi.it\/faris\/#website"},"primaryImageOfPage":{"@id":"https:\/\/www.fondazioneaibi.it\/faris\/cyberbullismo-un-webinar-il-3-agosto-per-imparare-a-conoscerlo-e-stare-accanto-ai-figli\/#primaryimage"},"image":{"@id":"https:\/\/www.fondazioneaibi.it\/faris\/cyberbullismo-un-webinar-il-3-agosto-per-imparare-a-conoscerlo-e-stare-accanto-ai-figli\/#primaryimage"},"thumbnailUrl":"https:\/\/www.fondazioneaibi.it\/faris\/wp-content\/uploads\/2021\/07\/cyberbullismo_Faris.jpg","datePublished":"2021-07-22T13:53:55+00:00","description":"Faris presenta un corso gratuito per aiutare i genitori a informarsi sul cyberbullismo e avere i mezzi per intervenire nel caso in cui i figli ne fossero coinvolti","breadcrumb":{"@id":"https:\/\/www.fondazioneaibi.it\/faris\/cyberbullismo-un-webinar-il-3-agosto-per-imparare-a-conoscerlo-e-stare-accanto-ai-figli\/#breadcrumb"},"inLanguage":"it-IT","potentialAction":[{"@type":"ReadAction","target":["https:\/\/www.fondazioneaibi.it\/faris\/cyberbullismo-un-webinar-il-3-agosto-per-imparare-a-conoscerlo-e-stare-accanto-ai-figli\/"]}]},{"@type":"ImageObject","inLanguage":"it-IT","@id":"https:\/\/www.fondazioneaibi.it\/faris\/cyberbullismo-un-webinar-il-3-agosto-per-imparare-a-conoscerlo-e-stare-accanto-ai-figli\/#primaryimage","url":"https:\/\/www.fondazioneaibi.it\/faris\/wp-content\/uploads\/2021\/07\/cyberbullismo_Faris.jpg","contentUrl":"https:\/\/www.fondazioneaibi.it\/faris\/wp-content\/uploads\/2021\/07\/cyberbullismo_Faris.jpg","width":1200,"height":630},{"@type":"BreadcrumbList","@id":"https:\/\/www.fondazioneaibi.it\/faris\/cyberbullismo-un-webinar-il-3-agosto-per-imparare-a-conoscerlo-e-stare-accanto-ai-figli\/#breadcrumb","itemListElement":[{"@type":"ListItem","position":1,"name":"Home","item":"https:\/\/www.fondazioneaibi.it\/faris\/"},{"@type":"ListItem","position":2,"name":"Cyberbullismo: un webinar il 3 agosto per imparare a conoscerlo e stare accanto ai figli"}]},{"@type":"WebSite","@id":"https:\/\/www.fondazioneaibi.it\/faris\/#website","url":"https:\/\/www.fondazioneaibi.it\/faris\/","name":"Faris","description":"Faris","publisher":{"@id":"https:\/\/www.fondazioneaibi.it\/faris\/#organization"},"potentialAction":[{"@type":"SearchAction","target":{"@type":"EntryPoint","urlTemplate":"https:\/\/www.fondazioneaibi.it\/faris\/?s={search_term_string}"},"query-input":{"@type":"PropertyValueSpecification","valueRequired":true,"valueName":"search_term_string"}}],"inLanguage":"it-IT"},{"@type":"Organization","@id":"https:\/\/www.fondazioneaibi.it\/faris\/#organization","name":"Faris","url":"https:\/\/www.fondazioneaibi.it\/faris\/","logo":{"@type":"ImageObject","inLanguage":"it-IT","@id":"https:\/\/www.fondazioneaibi.it\/faris\/#\/schema\/logo\/image\/","url":"https:\/\/www.fondazioneaibi.it\/faris\/wp-content\/uploads\/2021\/03\/FARIS-LOGO-WEB-SITE-payoff-490x109.png","contentUrl":"https:\/\/www.fondazioneaibi.it\/faris\/wp-content\/uploads\/2021\/03\/FARIS-LOGO-WEB-SITE-payoff-490x109.png","width":494,"height":110,"caption":"Faris"},"image":{"@id":"https:\/\/www.fondazioneaibi.it\/faris\/#\/schema\/logo\/image\/"}},{"@type":"Person","@id":"https:\/\/www.fondazioneaibi.it\/faris\/#\/schema\/person\/ad772d30be3e6bd1b1919619ef0ecb8d","name":"francescoE","image":{"@type":"ImageObject","inLanguage":"it-IT","@id":"https:\/\/www.fondazioneaibi.it\/faris\/#\/schema\/person\/image\/","url":"https:\/\/secure.gravatar.com\/avatar\/eb25bc3259115f3cc20fd1978e06816ae94cd44934e33996da7a734be3641d43?s=96&d=mm&r=g","contentUrl":"https:\/\/secure.gravatar.com\/avatar\/eb25bc3259115f3cc20fd1978e06816ae94cd44934e33996da7a734be3641d43?s=96&d=mm&r=g","caption":"francescoE"},"url":"https:\/\/www.fondazioneaibi.it\/faris\/author\/francescoe\/"}]}},"_links":{"self":[{"href":"https:\/\/www.fondazioneaibi.it\/faris\/wp-json\/wp\/v2\/posts\/6155","targetHints":{"allow":["GET"]}}],"collection":[{"href":"https:\/\/www.fondazioneaibi.it\/faris\/wp-json\/wp\/v2\/posts"}],"about":[{"href":"https:\/\/www.fondazioneaibi.it\/faris\/wp-json\/wp\/v2\/types\/post"}],"author":[{"embeddable":true,"href":"https:\/\/www.fondazioneaibi.it\/faris\/wp-json\/wp\/v2\/users\/18"}],"replies":[{"embeddable":true,"href":"https:\/\/www.fondazioneaibi.it\/faris\/wp-json\/wp\/v2\/comments?post=6155"}],"version-history":[{"count":2,"href":"https:\/\/www.fondazioneaibi.it\/faris\/wp-json\/wp\/v2\/posts\/6155\/revisions"}],"predecessor-version":[{"id":6158,"href":"https:\/\/www.fondazioneaibi.it\/faris\/wp-json\/wp\/v2\/posts\/6155\/revisions\/6158"}],"wp:featuredmedia":[{"embeddable":true,"href":"https:\/\/www.fondazioneaibi.it\/faris\/wp-json\/wp\/v2\/media\/6156"}],"wp:attachment":[{"href":"https:\/\/www.fondazioneaibi.it\/faris\/wp-json\/wp\/v2\/media?parent=6155"}],"wp:term":[{"taxonomy":"category","embeddable":true,"href":"https:\/\/www.fondazioneaibi.it\/faris\/wp-json\/wp\/v2\/categories?post=6155"},{"taxonomy":"post_tag","embeddable":true,"href":"https:\/\/www.fondazioneaibi.it\/faris\/wp-json\/wp\/v2\/tags?post=6155"}],"curies":[{"name":"wp","href":"https:\/\/api.w.org\/{rel}","templated":true}]}}