{"id":6128,"date":"2021-07-13T14:59:51","date_gmt":"2021-07-13T12:59:51","guid":{"rendered":"https:\/\/www.fondazioneaibi.it\/faris\/?p=6128"},"modified":"2021-07-13T14:59:51","modified_gmt":"2021-07-13T12:59:51","slug":"sei-in-cerca-di-una-nuova-occupazione-faris-ti-aiuta-si-parte-il-22-luglio","status":"publish","type":"post","link":"https:\/\/www.fondazioneaibi.it\/faris\/sei-in-cerca-di-una-nuova-occupazione-faris-ti-aiuta-si-parte-il-22-luglio\/","title":{"rendered":"Sei in cerca di una nuova occupazione? FARIS ti aiuta: si parte il 22 luglio"},"content":{"rendered":"<h2><strong>Faris presenta un webinar in due parti per esplorare gli argomenti e gli strumenti utili per affrontare la ricerca di una nuova occupazione. Due le date, gratuite: 22 e 29 luglio<\/strong><\/h2>\n<p>Cercare lavoro\u2026 \u00e8 un lavoro! Lo sa bene chi, finito il ciclo di studi, \u00e8 alla ricerca del <strong>primo impiego<\/strong>, cos\u00ec come tutti coloro che per diversi motivi (purtroppo, ultimamente, piuttosto frequenti) hanno perso un lavoro e si tanno muovendo per <strong>cercare un nuovo impiego<\/strong>.<br \/>\nPreparare un <strong>curriculum<\/strong>; saperlo scrivere nel modo adeguato; saper eseguire una <strong>ricerca<\/strong> sul web tra i tanti siti che non sempre si dimostrano affidabili; scrivere una <strong>lettera di presentazione<\/strong>; capire come sostenere un <strong>colloquio<\/strong>\u2026 Sono davvero tanti gli aspetti di cui tenere conto e che possono fare la differenza nel riuscire a distinguersi tra i tanti candidati e avere, cos\u00ec, maggiori opportunit\u00e0 di ottenere il lavoro a cui si aspira.<\/p>\n<p>Il webinar gratuito proposto dal <strong>Faris<\/strong> in due sessioni, la prima in programma <strong>gioved\u00ec 22 luglio alle ore 17<\/strong>, la seconda gioved\u00ec 29 (sempre alle 17), mira proprio a fornire a tutte le persone in cerca di una occupazione un \u201c<strong>kit\u201d di strumenti utili per rendere pi\u00f9 efficace la propria candidatura<\/strong> verso le organizzazioni presso le quali si desidera lavorare.<br \/>\nIn particolare, nella prima parte del webinar verranno affrontati gli argomenti del processo di ricerca di un lavoro, della presentazione di un CV e della presentazione di una candidatura.<br \/>\nLe questioni pi\u00f9 prettamente legate al contatto con le aziende e al colloquio, invece, saranno al centro della seconda giornata.<\/p>\n<p>A tenere il corso sar\u00e0 il dott. <strong>Davide Pellini<\/strong>, laureato in Psicologia del Lavoro e docente per Family Relationship International School.<br \/>\nMaggiori informazioni a <a href=\"https:\/\/www.fondazioneaibi.it\/faris\/prodotto\/toolkit-daccesso-al-mondo-del-lavoro\/\">questa pagina<\/a> o mandando una mail a faris@fondazioneaibi.it<\/p>\n","protected":false},"excerpt":{"rendered":"<p>Faris presenta un webinar in due parti per esplorare gli argomenti e gli strumenti utili per affrontare la ricerca di una nuova occupazione. Due le date, gratuite: 22 e 29 luglio Cercare lavoro\u2026 \u00e8 un lavoro! Lo sa bene chi, finito il ciclo di studi, \u00e8 alla ricerca del primo impiego, cos\u00ec come tutti coloro [&hellip;]<\/p>\n","protected":false},"author":18,"featured_media":6129,"comment_status":"open","ping_status":"open","sticky":false,"template":"","format":"standard","meta":{"footnotes":""},"categories":[1],"tags":[185,138],"class_list":["post-6128","post","type-post","status-publish","format-standard","has-post-thumbnail","hentry","category-news","tag-lavoro","tag-webinar"],"yoast_head":"<!-- This site is optimized with the Yoast SEO plugin v26.9 - https:\/\/yoast.com\/product\/yoast-seo-wordpress\/ -->\n<title>Sei in cerca di una nuova occupazione? FARIS ti aiuta: si parte il 22 luglio<\/title>\n<meta name=\"description\" content=\"Faris presenta un webinar in due parti per esplorare argomenti e strumenti utili per la ricerca di una nuova occupazione. Due le date, gratuite: 22 e 29 luglio\" \/>\n<meta name=\"robots\" content=\"index, follow, max-snippet:-1, max-image-preview:large, max-video-preview:-1\" \/>\n<link rel=\"canonical\" href=\"https:\/\/www.fondazioneaibi.it\/faris\/sei-in-cerca-di-una-nuova-occupazione-faris-ti-aiuta-si-parte-il-22-luglio\/\" \/>\n<meta property=\"og:locale\" content=\"it_IT\" \/>\n<meta property=\"og:type\" content=\"article\" \/>\n<meta property=\"og:title\" content=\"Sei in cerca di una nuova occupazione? FARIS ti aiuta: si parte il 22 luglio\" \/>\n<meta property=\"og:description\" content=\"Faris presenta un webinar in due parti per esplorare argomenti e strumenti utili per la ricerca di una nuova occupazione. Due le date, gratuite: 22 e 29 luglio\" \/>\n<meta property=\"og:url\" content=\"https:\/\/www.fondazioneaibi.it\/faris\/sei-in-cerca-di-una-nuova-occupazione-faris-ti-aiuta-si-parte-il-22-luglio\/\" \/>\n<meta property=\"og:site_name\" content=\"Faris\" \/>\n<meta property=\"article:published_time\" content=\"2021-07-13T12:59:51+00:00\" \/>\n<meta property=\"og:image\" content=\"https:\/\/www.fondazioneaibi.it\/faris\/wp-content\/uploads\/2021\/07\/Faris-toolkit-ricerca-lavoro.jpg\" \/>\n\t<meta property=\"og:image:width\" content=\"1200\" \/>\n\t<meta property=\"og:image:height\" content=\"629\" \/>\n\t<meta property=\"og:image:type\" content=\"image\/jpeg\" \/>\n<meta name=\"author\" content=\"francescoE\" \/>\n<meta name=\"twitter:card\" content=\"summary_large_image\" \/>\n<meta name=\"twitter:label1\" content=\"Scritto da\" \/>\n\t<meta name=\"twitter:data1\" content=\"francescoE\" \/>\n\t<meta name=\"twitter:label2\" content=\"Tempo di lettura stimato\" \/>\n\t<meta name=\"twitter:data2\" content=\"2 minuti\" \/>\n<script type=\"application\/ld+json\" class=\"yoast-schema-graph\">{\"@context\":\"https:\/\/schema.org\",\"@graph\":[{\"@type\":\"Article\",\"@id\":\"https:\/\/www.fondazioneaibi.it\/faris\/sei-in-cerca-di-una-nuova-occupazione-faris-ti-aiuta-si-parte-il-22-luglio\/#article\",\"isPartOf\":{\"@id\":\"https:\/\/www.fondazioneaibi.it\/faris\/sei-in-cerca-di-una-nuova-occupazione-faris-ti-aiuta-si-parte-il-22-luglio\/\"},\"author\":{\"name\":\"francescoE\",\"@id\":\"https:\/\/www.fondazioneaibi.it\/faris\/#\/schema\/person\/ad772d30be3e6bd1b1919619ef0ecb8d\"},\"headline\":\"Sei in cerca di una nuova occupazione? FARIS ti aiuta: si parte il 22 luglio\",\"datePublished\":\"2021-07-13T12:59:51+00:00\",\"mainEntityOfPage\":{\"@id\":\"https:\/\/www.fondazioneaibi.it\/faris\/sei-in-cerca-di-una-nuova-occupazione-faris-ti-aiuta-si-parte-il-22-luglio\/\"},\"wordCount\":295,\"commentCount\":0,\"publisher\":{\"@id\":\"https:\/\/www.fondazioneaibi.it\/faris\/#organization\"},\"image\":{\"@id\":\"https:\/\/www.fondazioneaibi.it\/faris\/sei-in-cerca-di-una-nuova-occupazione-faris-ti-aiuta-si-parte-il-22-luglio\/#primaryimage\"},\"thumbnailUrl\":\"https:\/\/www.fondazioneaibi.it\/faris\/wp-content\/uploads\/2021\/07\/Faris-toolkit-ricerca-lavoro.jpg\",\"keywords\":[\"lavoro\",\"webinar\"],\"articleSection\":[\"News\"],\"inLanguage\":\"it-IT\",\"potentialAction\":[{\"@type\":\"CommentAction\",\"name\":\"Comment\",\"target\":[\"https:\/\/www.fondazioneaibi.it\/faris\/sei-in-cerca-di-una-nuova-occupazione-faris-ti-aiuta-si-parte-il-22-luglio\/#respond\"]}]},{\"@type\":\"WebPage\",\"@id\":\"https:\/\/www.fondazioneaibi.it\/faris\/sei-in-cerca-di-una-nuova-occupazione-faris-ti-aiuta-si-parte-il-22-luglio\/\",\"url\":\"https:\/\/www.fondazioneaibi.it\/faris\/sei-in-cerca-di-una-nuova-occupazione-faris-ti-aiuta-si-parte-il-22-luglio\/\",\"name\":\"Sei in cerca di una nuova occupazione? FARIS ti aiuta: si parte il 22 luglio\",\"isPartOf\":{\"@id\":\"https:\/\/www.fondazioneaibi.it\/faris\/#website\"},\"primaryImageOfPage\":{\"@id\":\"https:\/\/www.fondazioneaibi.it\/faris\/sei-in-cerca-di-una-nuova-occupazione-faris-ti-aiuta-si-parte-il-22-luglio\/#primaryimage\"},\"image\":{\"@id\":\"https:\/\/www.fondazioneaibi.it\/faris\/sei-in-cerca-di-una-nuova-occupazione-faris-ti-aiuta-si-parte-il-22-luglio\/#primaryimage\"},\"thumbnailUrl\":\"https:\/\/www.fondazioneaibi.it\/faris\/wp-content\/uploads\/2021\/07\/Faris-toolkit-ricerca-lavoro.jpg\",\"datePublished\":\"2021-07-13T12:59:51+00:00\",\"description\":\"Faris presenta un webinar in due parti per esplorare argomenti e strumenti utili per la ricerca di una nuova occupazione. Due le date, gratuite: 22 e 29 luglio\",\"breadcrumb\":{\"@id\":\"https:\/\/www.fondazioneaibi.it\/faris\/sei-in-cerca-di-una-nuova-occupazione-faris-ti-aiuta-si-parte-il-22-luglio\/#breadcrumb\"},\"inLanguage\":\"it-IT\",\"potentialAction\":[{\"@type\":\"ReadAction\",\"target\":[\"https:\/\/www.fondazioneaibi.it\/faris\/sei-in-cerca-di-una-nuova-occupazione-faris-ti-aiuta-si-parte-il-22-luglio\/\"]}]},{\"@type\":\"ImageObject\",\"inLanguage\":\"it-IT\",\"@id\":\"https:\/\/www.fondazioneaibi.it\/faris\/sei-in-cerca-di-una-nuova-occupazione-faris-ti-aiuta-si-parte-il-22-luglio\/#primaryimage\",\"url\":\"https:\/\/www.fondazioneaibi.it\/faris\/wp-content\/uploads\/2021\/07\/Faris-toolkit-ricerca-lavoro.jpg\",\"contentUrl\":\"https:\/\/www.fondazioneaibi.it\/faris\/wp-content\/uploads\/2021\/07\/Faris-toolkit-ricerca-lavoro.jpg\",\"width\":1200,\"height\":629},{\"@type\":\"BreadcrumbList\",\"@id\":\"https:\/\/www.fondazioneaibi.it\/faris\/sei-in-cerca-di-una-nuova-occupazione-faris-ti-aiuta-si-parte-il-22-luglio\/#breadcrumb\",\"itemListElement\":[{\"@type\":\"ListItem\",\"position\":1,\"name\":\"Home\",\"item\":\"https:\/\/www.fondazioneaibi.it\/faris\/\"},{\"@type\":\"ListItem\",\"position\":2,\"name\":\"Sei in cerca di una nuova occupazione? FARIS ti aiuta: si parte il 22 luglio\"}]},{\"@type\":\"WebSite\",\"@id\":\"https:\/\/www.fondazioneaibi.it\/faris\/#website\",\"url\":\"https:\/\/www.fondazioneaibi.it\/faris\/\",\"name\":\"Faris\",\"description\":\"Faris\",\"publisher\":{\"@id\":\"https:\/\/www.fondazioneaibi.it\/faris\/#organization\"},\"potentialAction\":[{\"@type\":\"SearchAction\",\"target\":{\"@type\":\"EntryPoint\",\"urlTemplate\":\"https:\/\/www.fondazioneaibi.it\/faris\/?s={search_term_string}\"},\"query-input\":{\"@type\":\"PropertyValueSpecification\",\"valueRequired\":true,\"valueName\":\"search_term_string\"}}],\"inLanguage\":\"it-IT\"},{\"@type\":\"Organization\",\"@id\":\"https:\/\/www.fondazioneaibi.it\/faris\/#organization\",\"name\":\"Faris\",\"url\":\"https:\/\/www.fondazioneaibi.it\/faris\/\",\"logo\":{\"@type\":\"ImageObject\",\"inLanguage\":\"it-IT\",\"@id\":\"https:\/\/www.fondazioneaibi.it\/faris\/#\/schema\/logo\/image\/\",\"url\":\"https:\/\/www.fondazioneaibi.it\/faris\/wp-content\/uploads\/2021\/03\/FARIS-LOGO-WEB-SITE-payoff-490x109.png\",\"contentUrl\":\"https:\/\/www.fondazioneaibi.it\/faris\/wp-content\/uploads\/2021\/03\/FARIS-LOGO-WEB-SITE-payoff-490x109.png\",\"width\":494,\"height\":110,\"caption\":\"Faris\"},\"image\":{\"@id\":\"https:\/\/www.fondazioneaibi.it\/faris\/#\/schema\/logo\/image\/\"}},{\"@type\":\"Person\",\"@id\":\"https:\/\/www.fondazioneaibi.it\/faris\/#\/schema\/person\/ad772d30be3e6bd1b1919619ef0ecb8d\",\"name\":\"francescoE\",\"image\":{\"@type\":\"ImageObject\",\"inLanguage\":\"it-IT\",\"@id\":\"https:\/\/www.fondazioneaibi.it\/faris\/#\/schema\/person\/image\/\",\"url\":\"https:\/\/secure.gravatar.com\/avatar\/eb25bc3259115f3cc20fd1978e06816ae94cd44934e33996da7a734be3641d43?s=96&d=mm&r=g\",\"contentUrl\":\"https:\/\/secure.gravatar.com\/avatar\/eb25bc3259115f3cc20fd1978e06816ae94cd44934e33996da7a734be3641d43?s=96&d=mm&r=g\",\"caption\":\"francescoE\"},\"url\":\"https:\/\/www.fondazioneaibi.it\/faris\/author\/francescoe\/\"}]}<\/script>\n<!-- \/ Yoast SEO plugin. -->","yoast_head_json":{"title":"Sei in cerca di una nuova occupazione? FARIS ti aiuta: si parte il 22 luglio","description":"Faris presenta un webinar in due parti per esplorare argomenti e strumenti utili per la ricerca di una nuova occupazione. Due le date, gratuite: 22 e 29 luglio","robots":{"index":"index","follow":"follow","max-snippet":"max-snippet:-1","max-image-preview":"max-image-preview:large","max-video-preview":"max-video-preview:-1"},"canonical":"https:\/\/www.fondazioneaibi.it\/faris\/sei-in-cerca-di-una-nuova-occupazione-faris-ti-aiuta-si-parte-il-22-luglio\/","og_locale":"it_IT","og_type":"article","og_title":"Sei in cerca di una nuova occupazione? FARIS ti aiuta: si parte il 22 luglio","og_description":"Faris presenta un webinar in due parti per esplorare argomenti e strumenti utili per la ricerca di una nuova occupazione. Due le date, gratuite: 22 e 29 luglio","og_url":"https:\/\/www.fondazioneaibi.it\/faris\/sei-in-cerca-di-una-nuova-occupazione-faris-ti-aiuta-si-parte-il-22-luglio\/","og_site_name":"Faris","article_published_time":"2021-07-13T12:59:51+00:00","og_image":[{"width":1200,"height":629,"url":"https:\/\/www.fondazioneaibi.it\/faris\/wp-content\/uploads\/2021\/07\/Faris-toolkit-ricerca-lavoro.jpg","type":"image\/jpeg"}],"author":"francescoE","twitter_card":"summary_large_image","twitter_misc":{"Scritto da":"francescoE","Tempo di lettura stimato":"2 minuti"},"schema":{"@context":"https:\/\/schema.org","@graph":[{"@type":"Article","@id":"https:\/\/www.fondazioneaibi.it\/faris\/sei-in-cerca-di-una-nuova-occupazione-faris-ti-aiuta-si-parte-il-22-luglio\/#article","isPartOf":{"@id":"https:\/\/www.fondazioneaibi.it\/faris\/sei-in-cerca-di-una-nuova-occupazione-faris-ti-aiuta-si-parte-il-22-luglio\/"},"author":{"name":"francescoE","@id":"https:\/\/www.fondazioneaibi.it\/faris\/#\/schema\/person\/ad772d30be3e6bd1b1919619ef0ecb8d"},"headline":"Sei in cerca di una nuova occupazione? FARIS ti aiuta: si parte il 22 luglio","datePublished":"2021-07-13T12:59:51+00:00","mainEntityOfPage":{"@id":"https:\/\/www.fondazioneaibi.it\/faris\/sei-in-cerca-di-una-nuova-occupazione-faris-ti-aiuta-si-parte-il-22-luglio\/"},"wordCount":295,"commentCount":0,"publisher":{"@id":"https:\/\/www.fondazioneaibi.it\/faris\/#organization"},"image":{"@id":"https:\/\/www.fondazioneaibi.it\/faris\/sei-in-cerca-di-una-nuova-occupazione-faris-ti-aiuta-si-parte-il-22-luglio\/#primaryimage"},"thumbnailUrl":"https:\/\/www.fondazioneaibi.it\/faris\/wp-content\/uploads\/2021\/07\/Faris-toolkit-ricerca-lavoro.jpg","keywords":["lavoro","webinar"],"articleSection":["News"],"inLanguage":"it-IT","potentialAction":[{"@type":"CommentAction","name":"Comment","target":["https:\/\/www.fondazioneaibi.it\/faris\/sei-in-cerca-di-una-nuova-occupazione-faris-ti-aiuta-si-parte-il-22-luglio\/#respond"]}]},{"@type":"WebPage","@id":"https:\/\/www.fondazioneaibi.it\/faris\/sei-in-cerca-di-una-nuova-occupazione-faris-ti-aiuta-si-parte-il-22-luglio\/","url":"https:\/\/www.fondazioneaibi.it\/faris\/sei-in-cerca-di-una-nuova-occupazione-faris-ti-aiuta-si-parte-il-22-luglio\/","name":"Sei in cerca di una nuova occupazione? FARIS ti aiuta: si parte il 22 luglio","isPartOf":{"@id":"https:\/\/www.fondazioneaibi.it\/faris\/#website"},"primaryImageOfPage":{"@id":"https:\/\/www.fondazioneaibi.it\/faris\/sei-in-cerca-di-una-nuova-occupazione-faris-ti-aiuta-si-parte-il-22-luglio\/#primaryimage"},"image":{"@id":"https:\/\/www.fondazioneaibi.it\/faris\/sei-in-cerca-di-una-nuova-occupazione-faris-ti-aiuta-si-parte-il-22-luglio\/#primaryimage"},"thumbnailUrl":"https:\/\/www.fondazioneaibi.it\/faris\/wp-content\/uploads\/2021\/07\/Faris-toolkit-ricerca-lavoro.jpg","datePublished":"2021-07-13T12:59:51+00:00","description":"Faris presenta un webinar in due parti per esplorare argomenti e strumenti utili per la ricerca di una nuova occupazione. Due le date, gratuite: 22 e 29 luglio","breadcrumb":{"@id":"https:\/\/www.fondazioneaibi.it\/faris\/sei-in-cerca-di-una-nuova-occupazione-faris-ti-aiuta-si-parte-il-22-luglio\/#breadcrumb"},"inLanguage":"it-IT","potentialAction":[{"@type":"ReadAction","target":["https:\/\/www.fondazioneaibi.it\/faris\/sei-in-cerca-di-una-nuova-occupazione-faris-ti-aiuta-si-parte-il-22-luglio\/"]}]},{"@type":"ImageObject","inLanguage":"it-IT","@id":"https:\/\/www.fondazioneaibi.it\/faris\/sei-in-cerca-di-una-nuova-occupazione-faris-ti-aiuta-si-parte-il-22-luglio\/#primaryimage","url":"https:\/\/www.fondazioneaibi.it\/faris\/wp-content\/uploads\/2021\/07\/Faris-toolkit-ricerca-lavoro.jpg","contentUrl":"https:\/\/www.fondazioneaibi.it\/faris\/wp-content\/uploads\/2021\/07\/Faris-toolkit-ricerca-lavoro.jpg","width":1200,"height":629},{"@type":"BreadcrumbList","@id":"https:\/\/www.fondazioneaibi.it\/faris\/sei-in-cerca-di-una-nuova-occupazione-faris-ti-aiuta-si-parte-il-22-luglio\/#breadcrumb","itemListElement":[{"@type":"ListItem","position":1,"name":"Home","item":"https:\/\/www.fondazioneaibi.it\/faris\/"},{"@type":"ListItem","position":2,"name":"Sei in cerca di una nuova occupazione? FARIS ti aiuta: si parte il 22 luglio"}]},{"@type":"WebSite","@id":"https:\/\/www.fondazioneaibi.it\/faris\/#website","url":"https:\/\/www.fondazioneaibi.it\/faris\/","name":"Faris","description":"Faris","publisher":{"@id":"https:\/\/www.fondazioneaibi.it\/faris\/#organization"},"potentialAction":[{"@type":"SearchAction","target":{"@type":"EntryPoint","urlTemplate":"https:\/\/www.fondazioneaibi.it\/faris\/?s={search_term_string}"},"query-input":{"@type":"PropertyValueSpecification","valueRequired":true,"valueName":"search_term_string"}}],"inLanguage":"it-IT"},{"@type":"Organization","@id":"https:\/\/www.fondazioneaibi.it\/faris\/#organization","name":"Faris","url":"https:\/\/www.fondazioneaibi.it\/faris\/","logo":{"@type":"ImageObject","inLanguage":"it-IT","@id":"https:\/\/www.fondazioneaibi.it\/faris\/#\/schema\/logo\/image\/","url":"https:\/\/www.fondazioneaibi.it\/faris\/wp-content\/uploads\/2021\/03\/FARIS-LOGO-WEB-SITE-payoff-490x109.png","contentUrl":"https:\/\/www.fondazioneaibi.it\/faris\/wp-content\/uploads\/2021\/03\/FARIS-LOGO-WEB-SITE-payoff-490x109.png","width":494,"height":110,"caption":"Faris"},"image":{"@id":"https:\/\/www.fondazioneaibi.it\/faris\/#\/schema\/logo\/image\/"}},{"@type":"Person","@id":"https:\/\/www.fondazioneaibi.it\/faris\/#\/schema\/person\/ad772d30be3e6bd1b1919619ef0ecb8d","name":"francescoE","image":{"@type":"ImageObject","inLanguage":"it-IT","@id":"https:\/\/www.fondazioneaibi.it\/faris\/#\/schema\/person\/image\/","url":"https:\/\/secure.gravatar.com\/avatar\/eb25bc3259115f3cc20fd1978e06816ae94cd44934e33996da7a734be3641d43?s=96&d=mm&r=g","contentUrl":"https:\/\/secure.gravatar.com\/avatar\/eb25bc3259115f3cc20fd1978e06816ae94cd44934e33996da7a734be3641d43?s=96&d=mm&r=g","caption":"francescoE"},"url":"https:\/\/www.fondazioneaibi.it\/faris\/author\/francescoe\/"}]}},"_links":{"self":[{"href":"https:\/\/www.fondazioneaibi.it\/faris\/wp-json\/wp\/v2\/posts\/6128","targetHints":{"allow":["GET"]}}],"collection":[{"href":"https:\/\/www.fondazioneaibi.it\/faris\/wp-json\/wp\/v2\/posts"}],"about":[{"href":"https:\/\/www.fondazioneaibi.it\/faris\/wp-json\/wp\/v2\/types\/post"}],"author":[{"embeddable":true,"href":"https:\/\/www.fondazioneaibi.it\/faris\/wp-json\/wp\/v2\/users\/18"}],"replies":[{"embeddable":true,"href":"https:\/\/www.fondazioneaibi.it\/faris\/wp-json\/wp\/v2\/comments?post=6128"}],"version-history":[{"count":1,"href":"https:\/\/www.fondazioneaibi.it\/faris\/wp-json\/wp\/v2\/posts\/6128\/revisions"}],"predecessor-version":[{"id":6130,"href":"https:\/\/www.fondazioneaibi.it\/faris\/wp-json\/wp\/v2\/posts\/6128\/revisions\/6130"}],"wp:featuredmedia":[{"embeddable":true,"href":"https:\/\/www.fondazioneaibi.it\/faris\/wp-json\/wp\/v2\/media\/6129"}],"wp:attachment":[{"href":"https:\/\/www.fondazioneaibi.it\/faris\/wp-json\/wp\/v2\/media?parent=6128"}],"wp:term":[{"taxonomy":"category","embeddable":true,"href":"https:\/\/www.fondazioneaibi.it\/faris\/wp-json\/wp\/v2\/categories?post=6128"},{"taxonomy":"post_tag","embeddable":true,"href":"https:\/\/www.fondazioneaibi.it\/faris\/wp-json\/wp\/v2\/tags?post=6128"}],"curies":[{"name":"wp","href":"https:\/\/api.w.org\/{rel}","templated":true}]}}