{"id":6041,"date":"2021-06-21T13:59:20","date_gmt":"2021-06-21T11:59:20","guid":{"rendered":"https:\/\/www.fondazioneaibi.it\/faris\/?p=6041"},"modified":"2021-06-21T13:59:20","modified_gmt":"2021-06-21T11:59:20","slug":"cyberbullismo-il-30-giugno-un-webinar-dedicato-ai-genitori-di-vittime-e-di-cyberbulli","status":"publish","type":"post","link":"https:\/\/www.fondazioneaibi.it\/faris\/cyberbullismo-il-30-giugno-un-webinar-dedicato-ai-genitori-di-vittime-e-di-cyberbulli\/","title":{"rendered":"Cyberbullismo: il 30 giugno un webinar dedicato ai genitori di vittime e di cyberbulli"},"content":{"rendered":"<h2><strong>Webinar gratuito di FARIS <\/strong><strong>rivolto ai genitori in un\u2019ottica di prevenzione e di intervento rispetto ai\u00a0<\/strong><strong> gravi danni\u00a0<\/strong><strong>che il cyberbullismo pu\u00f2<\/strong><strong>\u00a0arrecare<\/strong><\/h2>\n<p>Quanto tempo trascorrono i nostri ragazzi sul web, navigando in rete, sui social, chattando\u2026 in un mondo virtuale, reso ancora pi\u00f9 affollato a causa dell\u2019isolamento e dello stravolgimento delle abitudini quotidiane portate dal covid? Moltissimo.<\/p>\n<p><strong>I genitori troppo spesso non riescono a tenere il passo<\/strong>. Chiusi fuori da un mondo ricco di insidie e di pericoli. \u00c8 proprio qui, che, nascosti dalla rete i cyberbulli prendono forza.<\/p>\n<p>Il\u00a0cyberbullismo\u00a0\u00e8 uno dei fenomeni pi\u00f9 pericolosi generati dal web. A rischio sono soprattutto i minori e gli adolescenti. \u00c8 sufficiente uno smartphone per entrare in un mondo che non sempre i genitori possono monitorare. Inoltre, la maggior parte di minori vittime di cyberbullismo non rivela la propria condizione all\u2019adulto di riferimento.<\/p>\n<p><strong>Il cyberbullismo pu\u00f2 arrecare danni gravi e tali da condizionare il futuro, proprio per questo FARIS \u2013 Family Relationship International School, realizza un webinar gratuito, mercoled\u00ec 30 giugno dalle ore 17.00 alle 19.00,<\/strong>\u00a0rivolto a tutti quei \u00a0genitori interessati ad informarsi sul tema, in un\u2019ottica di prevenzione e di intervento qualora i propri figli ne fossero coinvolti, sia nella veste di vittime, sia in quella di autori.<\/p>\n<p>In un periodo dove le chiusure legate alla pandemia hanno aumentato il tempo dei figli sul web,\u00a0<strong>i genitori devono essere in prima linea accanto ai loro figli<\/strong>, che siano essi vittime oppure artefici di azioni, anche non intenzionali, di cyberbullismo.<\/p>\n<p>Il webinar prevede la presentazione dei contenuti teorici in modo frontale, seguita da presentazione di case history in grado di far emergere eventuali vissuti tra i partecipanti e stimolare un confronto. A tenere l\u2019incontro sar\u00e0 il dott. Diego Moretti, p<strong>edagogista<\/strong>, formatore, responsabile didattico del Family Relationship International School e Responsabile dell\u2019area minori di AIBC SCS.<\/p>\n<p>La partecipazione al webinar prevede il rilascio di un attestato di partecipazione.<\/p>\n<p><strong>Per maggiori informazioni \u00e8 possibile contattare la segreteria di FARIS a\u00a0<\/strong><a href=\"mailto:faris@fondazioneaibi.it\">faris@fondazioneaibi.it<\/a><\/p>\n<p>&nbsp;<\/p>\n","protected":false},"excerpt":{"rendered":"<p>Webinar gratuito di FARIS rivolto ai genitori in un\u2019ottica di prevenzione e di intervento rispetto ai\u00a0 gravi danni\u00a0che il cyberbullismo pu\u00f2\u00a0arrecare Quanto tempo trascorrono i nostri ragazzi sul web, navigando in rete, sui social, chattando\u2026 in un mondo virtuale, reso ancora pi\u00f9 affollato a causa dell\u2019isolamento e dello stravolgimento delle abitudini quotidiane portate dal covid? [&hellip;]<\/p>\n","protected":false},"author":2885,"featured_media":6042,"comment_status":"open","ping_status":"open","sticky":false,"template":"","format":"standard","meta":{"footnotes":""},"categories":[1],"tags":[170,138],"class_list":["post-6041","post","type-post","status-publish","format-standard","has-post-thumbnail","hentry","category-news","tag-cyberbullismo","tag-webinar"],"yoast_head":"<!-- This site is optimized with the Yoast SEO plugin v26.9 - https:\/\/yoast.com\/product\/yoast-seo-wordpress\/ -->\n<title>Cyberbullismo: il 30 giugno un webinar dedicato ai genitori di vittime e di cyberbulli - Faris<\/title>\n<meta name=\"description\" content=\"Cyberbullismo. Webinar gratuito di FARIS rivolto ai genitori in un\u2019ottica di prevenzione e di intervento rispetto ai\u00a0 gravi danni\u00a0che il cyberbullismo pu\u00f2\u00a0arrecare\" \/>\n<meta name=\"robots\" content=\"index, follow, max-snippet:-1, max-image-preview:large, max-video-preview:-1\" \/>\n<link rel=\"canonical\" href=\"https:\/\/www.fondazioneaibi.it\/faris\/cyberbullismo-il-30-giugno-un-webinar-dedicato-ai-genitori-di-vittime-e-di-cyberbulli\/\" \/>\n<meta property=\"og:locale\" content=\"it_IT\" \/>\n<meta property=\"og:type\" content=\"article\" \/>\n<meta property=\"og:title\" content=\"Cyberbullismo: il 30 giugno un webinar dedicato ai genitori di vittime e di cyberbulli - Faris\" \/>\n<meta property=\"og:description\" content=\"Webinar gratuito di FARIS rivolto ai genitori in un\u2019ottica di prevenzione e di intervento rispetto ai\u00a0 gravi danni\u00a0che il cyberbullismo pu\u00f2\u00a0arrecare\" \/>\n<meta property=\"og:url\" content=\"https:\/\/www.fondazioneaibi.it\/faris\/cyberbullismo-il-30-giugno-un-webinar-dedicato-ai-genitori-di-vittime-e-di-cyberbulli\/\" \/>\n<meta property=\"og:site_name\" content=\"Faris\" \/>\n<meta property=\"article:published_time\" content=\"2021-06-21T11:59:20+00:00\" \/>\n<meta property=\"og:image\" content=\"https:\/\/www.fondazioneaibi.it\/faris\/wp-content\/uploads\/2021\/06\/cyberbullismo.jpg\" \/>\n\t<meta property=\"og:image:width\" content=\"1200\" \/>\n\t<meta property=\"og:image:height\" content=\"630\" \/>\n\t<meta property=\"og:image:type\" content=\"image\/jpeg\" \/>\n<meta name=\"author\" content=\"Antonio Rubinetti\" \/>\n<meta name=\"twitter:card\" content=\"summary_large_image\" \/>\n<meta name=\"twitter:image\" content=\"https:\/\/www.fondazioneaibi.it\/faris\/wp-content\/uploads\/2021\/06\/cyberbullismo.jpg\" \/>\n<meta name=\"twitter:label1\" content=\"Scritto da\" \/>\n\t<meta name=\"twitter:data1\" content=\"Antonio Rubinetti\" \/>\n\t<meta name=\"twitter:label2\" content=\"Tempo di lettura stimato\" \/>\n\t<meta name=\"twitter:data2\" content=\"2 minuti\" \/>\n<script type=\"application\/ld+json\" class=\"yoast-schema-graph\">{\"@context\":\"https:\/\/schema.org\",\"@graph\":[{\"@type\":\"Article\",\"@id\":\"https:\/\/www.fondazioneaibi.it\/faris\/cyberbullismo-il-30-giugno-un-webinar-dedicato-ai-genitori-di-vittime-e-di-cyberbulli\/#article\",\"isPartOf\":{\"@id\":\"https:\/\/www.fondazioneaibi.it\/faris\/cyberbullismo-il-30-giugno-un-webinar-dedicato-ai-genitori-di-vittime-e-di-cyberbulli\/\"},\"author\":{\"name\":\"Antonio Rubinetti\",\"@id\":\"https:\/\/www.fondazioneaibi.it\/faris\/#\/schema\/person\/a9b3cd6c61bd2dd515059e7e436fc036\"},\"headline\":\"Cyberbullismo: il 30 giugno un webinar dedicato ai genitori di vittime e di cyberbulli\",\"datePublished\":\"2021-06-21T11:59:20+00:00\",\"mainEntityOfPage\":{\"@id\":\"https:\/\/www.fondazioneaibi.it\/faris\/cyberbullismo-il-30-giugno-un-webinar-dedicato-ai-genitori-di-vittime-e-di-cyberbulli\/\"},\"wordCount\":344,\"commentCount\":0,\"publisher\":{\"@id\":\"https:\/\/www.fondazioneaibi.it\/faris\/#organization\"},\"image\":{\"@id\":\"https:\/\/www.fondazioneaibi.it\/faris\/cyberbullismo-il-30-giugno-un-webinar-dedicato-ai-genitori-di-vittime-e-di-cyberbulli\/#primaryimage\"},\"thumbnailUrl\":\"https:\/\/www.fondazioneaibi.it\/faris\/wp-content\/uploads\/2021\/06\/cyberbullismo.jpg\",\"keywords\":[\"cyberbullismo\",\"webinar\"],\"articleSection\":[\"News\"],\"inLanguage\":\"it-IT\",\"potentialAction\":[{\"@type\":\"CommentAction\",\"name\":\"Comment\",\"target\":[\"https:\/\/www.fondazioneaibi.it\/faris\/cyberbullismo-il-30-giugno-un-webinar-dedicato-ai-genitori-di-vittime-e-di-cyberbulli\/#respond\"]}]},{\"@type\":\"WebPage\",\"@id\":\"https:\/\/www.fondazioneaibi.it\/faris\/cyberbullismo-il-30-giugno-un-webinar-dedicato-ai-genitori-di-vittime-e-di-cyberbulli\/\",\"url\":\"https:\/\/www.fondazioneaibi.it\/faris\/cyberbullismo-il-30-giugno-un-webinar-dedicato-ai-genitori-di-vittime-e-di-cyberbulli\/\",\"name\":\"Cyberbullismo: il 30 giugno un webinar dedicato ai genitori di vittime e di cyberbulli - Faris\",\"isPartOf\":{\"@id\":\"https:\/\/www.fondazioneaibi.it\/faris\/#website\"},\"primaryImageOfPage\":{\"@id\":\"https:\/\/www.fondazioneaibi.it\/faris\/cyberbullismo-il-30-giugno-un-webinar-dedicato-ai-genitori-di-vittime-e-di-cyberbulli\/#primaryimage\"},\"image\":{\"@id\":\"https:\/\/www.fondazioneaibi.it\/faris\/cyberbullismo-il-30-giugno-un-webinar-dedicato-ai-genitori-di-vittime-e-di-cyberbulli\/#primaryimage\"},\"thumbnailUrl\":\"https:\/\/www.fondazioneaibi.it\/faris\/wp-content\/uploads\/2021\/06\/cyberbullismo.jpg\",\"datePublished\":\"2021-06-21T11:59:20+00:00\",\"description\":\"Cyberbullismo. Webinar gratuito di FARIS rivolto ai genitori in un\u2019ottica di prevenzione e di intervento rispetto ai\u00a0 gravi danni\u00a0che il cyberbullismo pu\u00f2\u00a0arrecare\",\"breadcrumb\":{\"@id\":\"https:\/\/www.fondazioneaibi.it\/faris\/cyberbullismo-il-30-giugno-un-webinar-dedicato-ai-genitori-di-vittime-e-di-cyberbulli\/#breadcrumb\"},\"inLanguage\":\"it-IT\",\"potentialAction\":[{\"@type\":\"ReadAction\",\"target\":[\"https:\/\/www.fondazioneaibi.it\/faris\/cyberbullismo-il-30-giugno-un-webinar-dedicato-ai-genitori-di-vittime-e-di-cyberbulli\/\"]}]},{\"@type\":\"ImageObject\",\"inLanguage\":\"it-IT\",\"@id\":\"https:\/\/www.fondazioneaibi.it\/faris\/cyberbullismo-il-30-giugno-un-webinar-dedicato-ai-genitori-di-vittime-e-di-cyberbulli\/#primaryimage\",\"url\":\"https:\/\/www.fondazioneaibi.it\/faris\/wp-content\/uploads\/2021\/06\/cyberbullismo.jpg\",\"contentUrl\":\"https:\/\/www.fondazioneaibi.it\/faris\/wp-content\/uploads\/2021\/06\/cyberbullismo.jpg\",\"width\":1200,\"height\":630},{\"@type\":\"BreadcrumbList\",\"@id\":\"https:\/\/www.fondazioneaibi.it\/faris\/cyberbullismo-il-30-giugno-un-webinar-dedicato-ai-genitori-di-vittime-e-di-cyberbulli\/#breadcrumb\",\"itemListElement\":[{\"@type\":\"ListItem\",\"position\":1,\"name\":\"Home\",\"item\":\"https:\/\/www.fondazioneaibi.it\/faris\/\"},{\"@type\":\"ListItem\",\"position\":2,\"name\":\"Cyberbullismo: il 30 giugno un webinar dedicato ai genitori di vittime e di cyberbulli\"}]},{\"@type\":\"WebSite\",\"@id\":\"https:\/\/www.fondazioneaibi.it\/faris\/#website\",\"url\":\"https:\/\/www.fondazioneaibi.it\/faris\/\",\"name\":\"Faris\",\"description\":\"Faris\",\"publisher\":{\"@id\":\"https:\/\/www.fondazioneaibi.it\/faris\/#organization\"},\"potentialAction\":[{\"@type\":\"SearchAction\",\"target\":{\"@type\":\"EntryPoint\",\"urlTemplate\":\"https:\/\/www.fondazioneaibi.it\/faris\/?s={search_term_string}\"},\"query-input\":{\"@type\":\"PropertyValueSpecification\",\"valueRequired\":true,\"valueName\":\"search_term_string\"}}],\"inLanguage\":\"it-IT\"},{\"@type\":\"Organization\",\"@id\":\"https:\/\/www.fondazioneaibi.it\/faris\/#organization\",\"name\":\"Faris\",\"url\":\"https:\/\/www.fondazioneaibi.it\/faris\/\",\"logo\":{\"@type\":\"ImageObject\",\"inLanguage\":\"it-IT\",\"@id\":\"https:\/\/www.fondazioneaibi.it\/faris\/#\/schema\/logo\/image\/\",\"url\":\"https:\/\/www.fondazioneaibi.it\/faris\/wp-content\/uploads\/2021\/03\/FARIS-LOGO-WEB-SITE-payoff-490x109.png\",\"contentUrl\":\"https:\/\/www.fondazioneaibi.it\/faris\/wp-content\/uploads\/2021\/03\/FARIS-LOGO-WEB-SITE-payoff-490x109.png\",\"width\":494,\"height\":110,\"caption\":\"Faris\"},\"image\":{\"@id\":\"https:\/\/www.fondazioneaibi.it\/faris\/#\/schema\/logo\/image\/\"}},{\"@type\":\"Person\",\"@id\":\"https:\/\/www.fondazioneaibi.it\/faris\/#\/schema\/person\/a9b3cd6c61bd2dd515059e7e436fc036\",\"name\":\"Antonio Rubinetti\",\"image\":{\"@type\":\"ImageObject\",\"inLanguage\":\"it-IT\",\"@id\":\"https:\/\/www.fondazioneaibi.it\/faris\/#\/schema\/person\/image\/\",\"url\":\"https:\/\/secure.gravatar.com\/avatar\/9865a2889c673cbe8a66080b76bdf4b6e543dbae8ab7a8ea21c6d42fba0f56d9?s=96&d=mm&r=g\",\"contentUrl\":\"https:\/\/secure.gravatar.com\/avatar\/9865a2889c673cbe8a66080b76bdf4b6e543dbae8ab7a8ea21c6d42fba0f56d9?s=96&d=mm&r=g\",\"caption\":\"Antonio Rubinetti\"},\"url\":\"https:\/\/www.fondazioneaibi.it\/faris\/author\/antonio-rubinetti\/\"}]}<\/script>\n<!-- \/ Yoast SEO plugin. -->","yoast_head_json":{"title":"Cyberbullismo: il 30 giugno un webinar dedicato ai genitori di vittime e di cyberbulli - Faris","description":"Cyberbullismo. Webinar gratuito di FARIS rivolto ai genitori in un\u2019ottica di prevenzione e di intervento rispetto ai\u00a0 gravi danni\u00a0che il cyberbullismo pu\u00f2\u00a0arrecare","robots":{"index":"index","follow":"follow","max-snippet":"max-snippet:-1","max-image-preview":"max-image-preview:large","max-video-preview":"max-video-preview:-1"},"canonical":"https:\/\/www.fondazioneaibi.it\/faris\/cyberbullismo-il-30-giugno-un-webinar-dedicato-ai-genitori-di-vittime-e-di-cyberbulli\/","og_locale":"it_IT","og_type":"article","og_title":"Cyberbullismo: il 30 giugno un webinar dedicato ai genitori di vittime e di cyberbulli - Faris","og_description":"Webinar gratuito di FARIS rivolto ai genitori in un\u2019ottica di prevenzione e di intervento rispetto ai\u00a0 gravi danni\u00a0che il cyberbullismo pu\u00f2\u00a0arrecare","og_url":"https:\/\/www.fondazioneaibi.it\/faris\/cyberbullismo-il-30-giugno-un-webinar-dedicato-ai-genitori-di-vittime-e-di-cyberbulli\/","og_site_name":"Faris","article_published_time":"2021-06-21T11:59:20+00:00","og_image":[{"width":1200,"height":630,"url":"https:\/\/www.fondazioneaibi.it\/faris\/wp-content\/uploads\/2021\/06\/cyberbullismo.jpg","type":"image\/jpeg"}],"author":"Antonio Rubinetti","twitter_card":"summary_large_image","twitter_image":"https:\/\/www.fondazioneaibi.it\/faris\/wp-content\/uploads\/2021\/06\/cyberbullismo.jpg","twitter_misc":{"Scritto da":"Antonio Rubinetti","Tempo di lettura stimato":"2 minuti"},"schema":{"@context":"https:\/\/schema.org","@graph":[{"@type":"Article","@id":"https:\/\/www.fondazioneaibi.it\/faris\/cyberbullismo-il-30-giugno-un-webinar-dedicato-ai-genitori-di-vittime-e-di-cyberbulli\/#article","isPartOf":{"@id":"https:\/\/www.fondazioneaibi.it\/faris\/cyberbullismo-il-30-giugno-un-webinar-dedicato-ai-genitori-di-vittime-e-di-cyberbulli\/"},"author":{"name":"Antonio Rubinetti","@id":"https:\/\/www.fondazioneaibi.it\/faris\/#\/schema\/person\/a9b3cd6c61bd2dd515059e7e436fc036"},"headline":"Cyberbullismo: il 30 giugno un webinar dedicato ai genitori di vittime e di cyberbulli","datePublished":"2021-06-21T11:59:20+00:00","mainEntityOfPage":{"@id":"https:\/\/www.fondazioneaibi.it\/faris\/cyberbullismo-il-30-giugno-un-webinar-dedicato-ai-genitori-di-vittime-e-di-cyberbulli\/"},"wordCount":344,"commentCount":0,"publisher":{"@id":"https:\/\/www.fondazioneaibi.it\/faris\/#organization"},"image":{"@id":"https:\/\/www.fondazioneaibi.it\/faris\/cyberbullismo-il-30-giugno-un-webinar-dedicato-ai-genitori-di-vittime-e-di-cyberbulli\/#primaryimage"},"thumbnailUrl":"https:\/\/www.fondazioneaibi.it\/faris\/wp-content\/uploads\/2021\/06\/cyberbullismo.jpg","keywords":["cyberbullismo","webinar"],"articleSection":["News"],"inLanguage":"it-IT","potentialAction":[{"@type":"CommentAction","name":"Comment","target":["https:\/\/www.fondazioneaibi.it\/faris\/cyberbullismo-il-30-giugno-un-webinar-dedicato-ai-genitori-di-vittime-e-di-cyberbulli\/#respond"]}]},{"@type":"WebPage","@id":"https:\/\/www.fondazioneaibi.it\/faris\/cyberbullismo-il-30-giugno-un-webinar-dedicato-ai-genitori-di-vittime-e-di-cyberbulli\/","url":"https:\/\/www.fondazioneaibi.it\/faris\/cyberbullismo-il-30-giugno-un-webinar-dedicato-ai-genitori-di-vittime-e-di-cyberbulli\/","name":"Cyberbullismo: il 30 giugno un webinar dedicato ai genitori di vittime e di cyberbulli - Faris","isPartOf":{"@id":"https:\/\/www.fondazioneaibi.it\/faris\/#website"},"primaryImageOfPage":{"@id":"https:\/\/www.fondazioneaibi.it\/faris\/cyberbullismo-il-30-giugno-un-webinar-dedicato-ai-genitori-di-vittime-e-di-cyberbulli\/#primaryimage"},"image":{"@id":"https:\/\/www.fondazioneaibi.it\/faris\/cyberbullismo-il-30-giugno-un-webinar-dedicato-ai-genitori-di-vittime-e-di-cyberbulli\/#primaryimage"},"thumbnailUrl":"https:\/\/www.fondazioneaibi.it\/faris\/wp-content\/uploads\/2021\/06\/cyberbullismo.jpg","datePublished":"2021-06-21T11:59:20+00:00","description":"Cyberbullismo. Webinar gratuito di FARIS rivolto ai genitori in un\u2019ottica di prevenzione e di intervento rispetto ai\u00a0 gravi danni\u00a0che il cyberbullismo pu\u00f2\u00a0arrecare","breadcrumb":{"@id":"https:\/\/www.fondazioneaibi.it\/faris\/cyberbullismo-il-30-giugno-un-webinar-dedicato-ai-genitori-di-vittime-e-di-cyberbulli\/#breadcrumb"},"inLanguage":"it-IT","potentialAction":[{"@type":"ReadAction","target":["https:\/\/www.fondazioneaibi.it\/faris\/cyberbullismo-il-30-giugno-un-webinar-dedicato-ai-genitori-di-vittime-e-di-cyberbulli\/"]}]},{"@type":"ImageObject","inLanguage":"it-IT","@id":"https:\/\/www.fondazioneaibi.it\/faris\/cyberbullismo-il-30-giugno-un-webinar-dedicato-ai-genitori-di-vittime-e-di-cyberbulli\/#primaryimage","url":"https:\/\/www.fondazioneaibi.it\/faris\/wp-content\/uploads\/2021\/06\/cyberbullismo.jpg","contentUrl":"https:\/\/www.fondazioneaibi.it\/faris\/wp-content\/uploads\/2021\/06\/cyberbullismo.jpg","width":1200,"height":630},{"@type":"BreadcrumbList","@id":"https:\/\/www.fondazioneaibi.it\/faris\/cyberbullismo-il-30-giugno-un-webinar-dedicato-ai-genitori-di-vittime-e-di-cyberbulli\/#breadcrumb","itemListElement":[{"@type":"ListItem","position":1,"name":"Home","item":"https:\/\/www.fondazioneaibi.it\/faris\/"},{"@type":"ListItem","position":2,"name":"Cyberbullismo: il 30 giugno un webinar dedicato ai genitori di vittime e di cyberbulli"}]},{"@type":"WebSite","@id":"https:\/\/www.fondazioneaibi.it\/faris\/#website","url":"https:\/\/www.fondazioneaibi.it\/faris\/","name":"Faris","description":"Faris","publisher":{"@id":"https:\/\/www.fondazioneaibi.it\/faris\/#organization"},"potentialAction":[{"@type":"SearchAction","target":{"@type":"EntryPoint","urlTemplate":"https:\/\/www.fondazioneaibi.it\/faris\/?s={search_term_string}"},"query-input":{"@type":"PropertyValueSpecification","valueRequired":true,"valueName":"search_term_string"}}],"inLanguage":"it-IT"},{"@type":"Organization","@id":"https:\/\/www.fondazioneaibi.it\/faris\/#organization","name":"Faris","url":"https:\/\/www.fondazioneaibi.it\/faris\/","logo":{"@type":"ImageObject","inLanguage":"it-IT","@id":"https:\/\/www.fondazioneaibi.it\/faris\/#\/schema\/logo\/image\/","url":"https:\/\/www.fondazioneaibi.it\/faris\/wp-content\/uploads\/2021\/03\/FARIS-LOGO-WEB-SITE-payoff-490x109.png","contentUrl":"https:\/\/www.fondazioneaibi.it\/faris\/wp-content\/uploads\/2021\/03\/FARIS-LOGO-WEB-SITE-payoff-490x109.png","width":494,"height":110,"caption":"Faris"},"image":{"@id":"https:\/\/www.fondazioneaibi.it\/faris\/#\/schema\/logo\/image\/"}},{"@type":"Person","@id":"https:\/\/www.fondazioneaibi.it\/faris\/#\/schema\/person\/a9b3cd6c61bd2dd515059e7e436fc036","name":"Antonio Rubinetti","image":{"@type":"ImageObject","inLanguage":"it-IT","@id":"https:\/\/www.fondazioneaibi.it\/faris\/#\/schema\/person\/image\/","url":"https:\/\/secure.gravatar.com\/avatar\/9865a2889c673cbe8a66080b76bdf4b6e543dbae8ab7a8ea21c6d42fba0f56d9?s=96&d=mm&r=g","contentUrl":"https:\/\/secure.gravatar.com\/avatar\/9865a2889c673cbe8a66080b76bdf4b6e543dbae8ab7a8ea21c6d42fba0f56d9?s=96&d=mm&r=g","caption":"Antonio Rubinetti"},"url":"https:\/\/www.fondazioneaibi.it\/faris\/author\/antonio-rubinetti\/"}]}},"_links":{"self":[{"href":"https:\/\/www.fondazioneaibi.it\/faris\/wp-json\/wp\/v2\/posts\/6041","targetHints":{"allow":["GET"]}}],"collection":[{"href":"https:\/\/www.fondazioneaibi.it\/faris\/wp-json\/wp\/v2\/posts"}],"about":[{"href":"https:\/\/www.fondazioneaibi.it\/faris\/wp-json\/wp\/v2\/types\/post"}],"author":[{"embeddable":true,"href":"https:\/\/www.fondazioneaibi.it\/faris\/wp-json\/wp\/v2\/users\/2885"}],"replies":[{"embeddable":true,"href":"https:\/\/www.fondazioneaibi.it\/faris\/wp-json\/wp\/v2\/comments?post=6041"}],"version-history":[{"count":1,"href":"https:\/\/www.fondazioneaibi.it\/faris\/wp-json\/wp\/v2\/posts\/6041\/revisions"}],"predecessor-version":[{"id":6043,"href":"https:\/\/www.fondazioneaibi.it\/faris\/wp-json\/wp\/v2\/posts\/6041\/revisions\/6043"}],"wp:featuredmedia":[{"embeddable":true,"href":"https:\/\/www.fondazioneaibi.it\/faris\/wp-json\/wp\/v2\/media\/6042"}],"wp:attachment":[{"href":"https:\/\/www.fondazioneaibi.it\/faris\/wp-json\/wp\/v2\/media?parent=6041"}],"wp:term":[{"taxonomy":"category","embeddable":true,"href":"https:\/\/www.fondazioneaibi.it\/faris\/wp-json\/wp\/v2\/categories?post=6041"},{"taxonomy":"post_tag","embeddable":true,"href":"https:\/\/www.fondazioneaibi.it\/faris\/wp-json\/wp\/v2\/tags?post=6041"}],"curies":[{"name":"wp","href":"https:\/\/api.w.org\/{rel}","templated":true}]}}