{"id":6009,"date":"2021-06-11T15:33:34","date_gmt":"2021-06-11T13:33:34","guid":{"rendered":"https:\/\/www.fondazioneaibi.it\/faris\/?p=6009"},"modified":"2021-06-11T15:34:22","modified_gmt":"2021-06-11T13:34:22","slug":"i-ragazzi-e-la-noia-di-vivere-tentati-suicidi-su-del-30","status":"publish","type":"post","link":"https:\/\/www.fondazioneaibi.it\/faris\/i-ragazzi-e-la-noia-di-vivere-tentati-suicidi-su-del-30\/","title":{"rendered":"I ragazzi e la noia di vivere. Tentati suicidi su del 30%"},"content":{"rendered":"<h2><strong>La pandemia ha segnato in profondit\u00e0 i ragazzi, anche giovanissimi. Aumentano i ricoveri per autolesionismo e i tentativi di suicidi. Una situazione che non passer\u00e0 con il ritorno alla normalit\u00e0 e sulla quale bisogna vigilare e non aver paura di farsi aiutare<\/strong><\/h2>\n<p>Lo si \u00e8 detto ormai molte volte, ma, paradossalmente, forse il troppo ripeterlo sta iniziando a provocare l\u2019effetto opposto: non soffermarsi a pensare su quello che <strong>davvero significa<\/strong>.<br \/>\nLa pandemia ha creato e sta creando enormi problemi psicologici ai pi\u00f9 giovani. Questa \u00e8 l\u2019affermazione con la quale tutti hanno ormai familiarizzato. Ci\u00f2 che forse non a tutti \u00e8 chiaro, per\u00f2, \u00e8 la <strong>dimensione del problema<\/strong>: secondo i dati riportati dal <em>Messaggero<\/em>, all\u2019Ospedale Bambin Ges\u00f9 di Roma, da ottobre, sono <strong>aumentati del 30%<\/strong> gli ingressi per attivit\u00e0 autolesionistiche, tentati suicidi compresi, arrivando alla quota di <strong>300 in un anno<\/strong> (erano 12 ricoveri nel 2011). Numeri impressionanti, a cui si sommano i casi di cronaca molto recenti che di questa situazione sono l\u2019estrema conseguenza.<\/p>\n<p>Dramma ulteriore, come riferisce, sempre al <em>Messaggero<\/em>, Maura Manca, psicoterapeuta dell\u2019et\u00e0 evolutiva e presidente dell\u2019Osservatorio Nazionale Adolescenza, \u00e8 che l\u2019et\u00e0 dei ricoveri si \u00e8 <strong>drasticamente abbassata<\/strong>. \u00c8 come se la vita di tanti giovanissimi si fosse stravolta a tal punto da pensare che \u201cfarla finita\u201d sia l\u2019unica soluzione; o, forse, la pi\u00f9 facile\u2026 Ma capire le ragioni profonde di questi gesti \u00e8 difficile: a volte sono pianificati, magari cercando informazioni su internet o pensando di condividere il suicidio sui social, altre volte sono decisioni improvvise senza un\u2019apparente spiegazione.<br \/>\nQuello che \u00e8 certo, secondo gli esperti, \u00e8 che la situazione non migliorer\u00e0 con la fine della Pandemia, o per lo meno non nell\u2019immediato: troppo forti gli strascichi lasciati da una situazione che ha colpito molto pi\u00f9 in profondit\u00e0 di quanto non si creda.<br \/>\nL\u2019invito, dunque, \u00e8 quello di stare il pi\u00f9 possibili <strong>attenti<\/strong> verso gli atteggiamenti dei figli e <strong>non aver paura di chiedere aiuto<\/strong> o almeno un confronto con qualcuno che possa aiutare a chiarire certe dinamiche.<\/p>\n<p>\u00c8 quello, per esempio, che cerca di fare <strong>Faris \u2013 Family Relationship International School<\/strong> con il suo <strong>servizio di consulenza<\/strong>, rivolto anche alle famiglie e i genitori. Un servizio che si basa sul \u201c<a href=\"https:\/\/www.aibi.it\/ita\/il-metodo-faris-innanzitutto-lascolto-e-poi-insieme-mano-nella-mano-verso-lobiettivo-da-raggiungere\/\" target=\"_blank\" rel=\"noopener\">metodo Faris<\/a>\u201d, in cui, a un primo incontro conoscitivo, del tutto gratuito, segue l\u2019indicazione di un eventuale percorso da seguire con i <strong>professionisti<\/strong> pi\u00f9 adatti di volta in volta per le specifiche situazioni.<br \/>\nLa <strong>prevenzione<\/strong> \u00e8 l\u2019unica arma che le famiglie hanno nei confronti di questi temi: chiedere un aiuto prima, anche solo per confrontarsi con altre persone che vivono gli stessi dubbi o per avere un\u2019indicazione su come comportarsi in determinate situazioni, \u00e8 senza dubbio la cosa migliore da fare.<\/p>\n<p>Per il servizio di consulenza di Faris, si pu\u00f2 visitare la <a href=\"https:\/\/www.fondazioneaibi.it\/faris\/consulenze\/\">pagina dedicata<\/a> del sito, oppure scrivere a faris@fondazioneaibi.it<\/p>\n","protected":false},"excerpt":{"rendered":"<p>La pandemia ha segnato in profondit\u00e0 i ragazzi, anche giovanissimi. Aumentano i ricoveri per autolesionismo e i tentativi di suicidi. Una situazione che non passer\u00e0 con il ritorno alla normalit\u00e0 e sulla quale bisogna vigilare e non aver paura di farsi aiutare Lo si \u00e8 detto ormai molte volte, ma, paradossalmente, forse il troppo ripeterlo [&hellip;]<\/p>\n","protected":false},"author":18,"featured_media":6010,"comment_status":"open","ping_status":"open","sticky":false,"template":"","format":"standard","meta":{"footnotes":""},"categories":[1],"tags":[166,169],"class_list":["post-6009","post","type-post","status-publish","format-standard","has-post-thumbnail","hentry","category-news","tag-consulenza","tag-ragazzi"],"yoast_head":"<!-- This site is optimized with the Yoast SEO plugin v26.9 - https:\/\/yoast.com\/product\/yoast-seo-wordpress\/ -->\n<title>I ragazzi e la noia di vivere. Tentati suicidi su del 30%<\/title>\n<meta name=\"description\" content=\"La pandemia ha segnato in profondit\u00e0 i ragazzi, anche giovanissimi. Aumentano i ricoveri per autolesionismo e i tentati suicidi\" \/>\n<meta name=\"robots\" content=\"index, follow, max-snippet:-1, max-image-preview:large, max-video-preview:-1\" \/>\n<link rel=\"canonical\" href=\"https:\/\/www.fondazioneaibi.it\/faris\/i-ragazzi-e-la-noia-di-vivere-tentati-suicidi-su-del-30\/\" \/>\n<meta property=\"og:locale\" content=\"it_IT\" \/>\n<meta property=\"og:type\" content=\"article\" \/>\n<meta property=\"og:title\" content=\"I ragazzi e la noia di vivere. Tentati suicidi su del 30%\" \/>\n<meta property=\"og:description\" content=\"La pandemia ha segnato in profondit\u00e0 i ragazzi, anche giovanissimi. Aumentano i ricoveri per autolesionismo e i tentati suicidi\" \/>\n<meta property=\"og:url\" content=\"https:\/\/www.fondazioneaibi.it\/faris\/i-ragazzi-e-la-noia-di-vivere-tentati-suicidi-su-del-30\/\" \/>\n<meta property=\"og:site_name\" content=\"Faris\" \/>\n<meta property=\"article:published_time\" content=\"2021-06-11T13:33:34+00:00\" \/>\n<meta property=\"article:modified_time\" content=\"2021-06-11T13:34:22+00:00\" \/>\n<meta property=\"og:image\" content=\"https:\/\/www.fondazioneaibi.it\/faris\/wp-content\/uploads\/2021\/06\/faris_suicide.jpg\" \/>\n\t<meta property=\"og:image:width\" content=\"1900\" \/>\n\t<meta property=\"og:image:height\" content=\"998\" \/>\n\t<meta property=\"og:image:type\" content=\"image\/jpeg\" \/>\n<meta name=\"author\" content=\"francescoE\" \/>\n<meta name=\"twitter:card\" content=\"summary_large_image\" \/>\n<meta name=\"twitter:label1\" content=\"Scritto da\" \/>\n\t<meta name=\"twitter:data1\" content=\"francescoE\" \/>\n\t<meta name=\"twitter:label2\" content=\"Tempo di lettura stimato\" \/>\n\t<meta name=\"twitter:data2\" content=\"2 minuti\" \/>\n<script type=\"application\/ld+json\" class=\"yoast-schema-graph\">{\"@context\":\"https:\/\/schema.org\",\"@graph\":[{\"@type\":\"Article\",\"@id\":\"https:\/\/www.fondazioneaibi.it\/faris\/i-ragazzi-e-la-noia-di-vivere-tentati-suicidi-su-del-30\/#article\",\"isPartOf\":{\"@id\":\"https:\/\/www.fondazioneaibi.it\/faris\/i-ragazzi-e-la-noia-di-vivere-tentati-suicidi-su-del-30\/\"},\"author\":{\"name\":\"francescoE\",\"@id\":\"https:\/\/www.fondazioneaibi.it\/faris\/#\/schema\/person\/ad772d30be3e6bd1b1919619ef0ecb8d\"},\"headline\":\"I ragazzi e la noia di vivere. Tentati suicidi su del 30%\",\"datePublished\":\"2021-06-11T13:33:34+00:00\",\"dateModified\":\"2021-06-11T13:34:22+00:00\",\"mainEntityOfPage\":{\"@id\":\"https:\/\/www.fondazioneaibi.it\/faris\/i-ragazzi-e-la-noia-di-vivere-tentati-suicidi-su-del-30\/\"},\"wordCount\":472,\"commentCount\":0,\"publisher\":{\"@id\":\"https:\/\/www.fondazioneaibi.it\/faris\/#organization\"},\"image\":{\"@id\":\"https:\/\/www.fondazioneaibi.it\/faris\/i-ragazzi-e-la-noia-di-vivere-tentati-suicidi-su-del-30\/#primaryimage\"},\"thumbnailUrl\":\"https:\/\/www.fondazioneaibi.it\/faris\/wp-content\/uploads\/2021\/06\/faris_suicide.jpg\",\"keywords\":[\"consulenza\",\"ragazzi\"],\"articleSection\":[\"News\"],\"inLanguage\":\"it-IT\",\"potentialAction\":[{\"@type\":\"CommentAction\",\"name\":\"Comment\",\"target\":[\"https:\/\/www.fondazioneaibi.it\/faris\/i-ragazzi-e-la-noia-di-vivere-tentati-suicidi-su-del-30\/#respond\"]}]},{\"@type\":\"WebPage\",\"@id\":\"https:\/\/www.fondazioneaibi.it\/faris\/i-ragazzi-e-la-noia-di-vivere-tentati-suicidi-su-del-30\/\",\"url\":\"https:\/\/www.fondazioneaibi.it\/faris\/i-ragazzi-e-la-noia-di-vivere-tentati-suicidi-su-del-30\/\",\"name\":\"I ragazzi e la noia di vivere. Tentati suicidi su del 30%\",\"isPartOf\":{\"@id\":\"https:\/\/www.fondazioneaibi.it\/faris\/#website\"},\"primaryImageOfPage\":{\"@id\":\"https:\/\/www.fondazioneaibi.it\/faris\/i-ragazzi-e-la-noia-di-vivere-tentati-suicidi-su-del-30\/#primaryimage\"},\"image\":{\"@id\":\"https:\/\/www.fondazioneaibi.it\/faris\/i-ragazzi-e-la-noia-di-vivere-tentati-suicidi-su-del-30\/#primaryimage\"},\"thumbnailUrl\":\"https:\/\/www.fondazioneaibi.it\/faris\/wp-content\/uploads\/2021\/06\/faris_suicide.jpg\",\"datePublished\":\"2021-06-11T13:33:34+00:00\",\"dateModified\":\"2021-06-11T13:34:22+00:00\",\"description\":\"La pandemia ha segnato in profondit\u00e0 i ragazzi, anche giovanissimi. Aumentano i ricoveri per autolesionismo e i tentati suicidi\",\"breadcrumb\":{\"@id\":\"https:\/\/www.fondazioneaibi.it\/faris\/i-ragazzi-e-la-noia-di-vivere-tentati-suicidi-su-del-30\/#breadcrumb\"},\"inLanguage\":\"it-IT\",\"potentialAction\":[{\"@type\":\"ReadAction\",\"target\":[\"https:\/\/www.fondazioneaibi.it\/faris\/i-ragazzi-e-la-noia-di-vivere-tentati-suicidi-su-del-30\/\"]}]},{\"@type\":\"ImageObject\",\"inLanguage\":\"it-IT\",\"@id\":\"https:\/\/www.fondazioneaibi.it\/faris\/i-ragazzi-e-la-noia-di-vivere-tentati-suicidi-su-del-30\/#primaryimage\",\"url\":\"https:\/\/www.fondazioneaibi.it\/faris\/wp-content\/uploads\/2021\/06\/faris_suicide.jpg\",\"contentUrl\":\"https:\/\/www.fondazioneaibi.it\/faris\/wp-content\/uploads\/2021\/06\/faris_suicide.jpg\",\"width\":1900,\"height\":998},{\"@type\":\"BreadcrumbList\",\"@id\":\"https:\/\/www.fondazioneaibi.it\/faris\/i-ragazzi-e-la-noia-di-vivere-tentati-suicidi-su-del-30\/#breadcrumb\",\"itemListElement\":[{\"@type\":\"ListItem\",\"position\":1,\"name\":\"Home\",\"item\":\"https:\/\/www.fondazioneaibi.it\/faris\/\"},{\"@type\":\"ListItem\",\"position\":2,\"name\":\"I ragazzi e la noia di vivere. Tentati suicidi su del 30%\"}]},{\"@type\":\"WebSite\",\"@id\":\"https:\/\/www.fondazioneaibi.it\/faris\/#website\",\"url\":\"https:\/\/www.fondazioneaibi.it\/faris\/\",\"name\":\"Faris\",\"description\":\"Faris\",\"publisher\":{\"@id\":\"https:\/\/www.fondazioneaibi.it\/faris\/#organization\"},\"potentialAction\":[{\"@type\":\"SearchAction\",\"target\":{\"@type\":\"EntryPoint\",\"urlTemplate\":\"https:\/\/www.fondazioneaibi.it\/faris\/?s={search_term_string}\"},\"query-input\":{\"@type\":\"PropertyValueSpecification\",\"valueRequired\":true,\"valueName\":\"search_term_string\"}}],\"inLanguage\":\"it-IT\"},{\"@type\":\"Organization\",\"@id\":\"https:\/\/www.fondazioneaibi.it\/faris\/#organization\",\"name\":\"Faris\",\"url\":\"https:\/\/www.fondazioneaibi.it\/faris\/\",\"logo\":{\"@type\":\"ImageObject\",\"inLanguage\":\"it-IT\",\"@id\":\"https:\/\/www.fondazioneaibi.it\/faris\/#\/schema\/logo\/image\/\",\"url\":\"https:\/\/www.fondazioneaibi.it\/faris\/wp-content\/uploads\/2021\/03\/FARIS-LOGO-WEB-SITE-payoff-490x109.png\",\"contentUrl\":\"https:\/\/www.fondazioneaibi.it\/faris\/wp-content\/uploads\/2021\/03\/FARIS-LOGO-WEB-SITE-payoff-490x109.png\",\"width\":494,\"height\":110,\"caption\":\"Faris\"},\"image\":{\"@id\":\"https:\/\/www.fondazioneaibi.it\/faris\/#\/schema\/logo\/image\/\"}},{\"@type\":\"Person\",\"@id\":\"https:\/\/www.fondazioneaibi.it\/faris\/#\/schema\/person\/ad772d30be3e6bd1b1919619ef0ecb8d\",\"name\":\"francescoE\",\"image\":{\"@type\":\"ImageObject\",\"inLanguage\":\"it-IT\",\"@id\":\"https:\/\/www.fondazioneaibi.it\/faris\/#\/schema\/person\/image\/\",\"url\":\"https:\/\/secure.gravatar.com\/avatar\/eb25bc3259115f3cc20fd1978e06816ae94cd44934e33996da7a734be3641d43?s=96&d=mm&r=g\",\"contentUrl\":\"https:\/\/secure.gravatar.com\/avatar\/eb25bc3259115f3cc20fd1978e06816ae94cd44934e33996da7a734be3641d43?s=96&d=mm&r=g\",\"caption\":\"francescoE\"},\"url\":\"https:\/\/www.fondazioneaibi.it\/faris\/author\/francescoe\/\"}]}<\/script>\n<!-- \/ Yoast SEO plugin. -->","yoast_head_json":{"title":"I ragazzi e la noia di vivere. Tentati suicidi su del 30%","description":"La pandemia ha segnato in profondit\u00e0 i ragazzi, anche giovanissimi. Aumentano i ricoveri per autolesionismo e i tentati suicidi","robots":{"index":"index","follow":"follow","max-snippet":"max-snippet:-1","max-image-preview":"max-image-preview:large","max-video-preview":"max-video-preview:-1"},"canonical":"https:\/\/www.fondazioneaibi.it\/faris\/i-ragazzi-e-la-noia-di-vivere-tentati-suicidi-su-del-30\/","og_locale":"it_IT","og_type":"article","og_title":"I ragazzi e la noia di vivere. Tentati suicidi su del 30%","og_description":"La pandemia ha segnato in profondit\u00e0 i ragazzi, anche giovanissimi. Aumentano i ricoveri per autolesionismo e i tentati suicidi","og_url":"https:\/\/www.fondazioneaibi.it\/faris\/i-ragazzi-e-la-noia-di-vivere-tentati-suicidi-su-del-30\/","og_site_name":"Faris","article_published_time":"2021-06-11T13:33:34+00:00","article_modified_time":"2021-06-11T13:34:22+00:00","og_image":[{"width":1900,"height":998,"url":"https:\/\/www.fondazioneaibi.it\/faris\/wp-content\/uploads\/2021\/06\/faris_suicide.jpg","type":"image\/jpeg"}],"author":"francescoE","twitter_card":"summary_large_image","twitter_misc":{"Scritto da":"francescoE","Tempo di lettura stimato":"2 minuti"},"schema":{"@context":"https:\/\/schema.org","@graph":[{"@type":"Article","@id":"https:\/\/www.fondazioneaibi.it\/faris\/i-ragazzi-e-la-noia-di-vivere-tentati-suicidi-su-del-30\/#article","isPartOf":{"@id":"https:\/\/www.fondazioneaibi.it\/faris\/i-ragazzi-e-la-noia-di-vivere-tentati-suicidi-su-del-30\/"},"author":{"name":"francescoE","@id":"https:\/\/www.fondazioneaibi.it\/faris\/#\/schema\/person\/ad772d30be3e6bd1b1919619ef0ecb8d"},"headline":"I ragazzi e la noia di vivere. Tentati suicidi su del 30%","datePublished":"2021-06-11T13:33:34+00:00","dateModified":"2021-06-11T13:34:22+00:00","mainEntityOfPage":{"@id":"https:\/\/www.fondazioneaibi.it\/faris\/i-ragazzi-e-la-noia-di-vivere-tentati-suicidi-su-del-30\/"},"wordCount":472,"commentCount":0,"publisher":{"@id":"https:\/\/www.fondazioneaibi.it\/faris\/#organization"},"image":{"@id":"https:\/\/www.fondazioneaibi.it\/faris\/i-ragazzi-e-la-noia-di-vivere-tentati-suicidi-su-del-30\/#primaryimage"},"thumbnailUrl":"https:\/\/www.fondazioneaibi.it\/faris\/wp-content\/uploads\/2021\/06\/faris_suicide.jpg","keywords":["consulenza","ragazzi"],"articleSection":["News"],"inLanguage":"it-IT","potentialAction":[{"@type":"CommentAction","name":"Comment","target":["https:\/\/www.fondazioneaibi.it\/faris\/i-ragazzi-e-la-noia-di-vivere-tentati-suicidi-su-del-30\/#respond"]}]},{"@type":"WebPage","@id":"https:\/\/www.fondazioneaibi.it\/faris\/i-ragazzi-e-la-noia-di-vivere-tentati-suicidi-su-del-30\/","url":"https:\/\/www.fondazioneaibi.it\/faris\/i-ragazzi-e-la-noia-di-vivere-tentati-suicidi-su-del-30\/","name":"I ragazzi e la noia di vivere. Tentati suicidi su del 30%","isPartOf":{"@id":"https:\/\/www.fondazioneaibi.it\/faris\/#website"},"primaryImageOfPage":{"@id":"https:\/\/www.fondazioneaibi.it\/faris\/i-ragazzi-e-la-noia-di-vivere-tentati-suicidi-su-del-30\/#primaryimage"},"image":{"@id":"https:\/\/www.fondazioneaibi.it\/faris\/i-ragazzi-e-la-noia-di-vivere-tentati-suicidi-su-del-30\/#primaryimage"},"thumbnailUrl":"https:\/\/www.fondazioneaibi.it\/faris\/wp-content\/uploads\/2021\/06\/faris_suicide.jpg","datePublished":"2021-06-11T13:33:34+00:00","dateModified":"2021-06-11T13:34:22+00:00","description":"La pandemia ha segnato in profondit\u00e0 i ragazzi, anche giovanissimi. Aumentano i ricoveri per autolesionismo e i tentati suicidi","breadcrumb":{"@id":"https:\/\/www.fondazioneaibi.it\/faris\/i-ragazzi-e-la-noia-di-vivere-tentati-suicidi-su-del-30\/#breadcrumb"},"inLanguage":"it-IT","potentialAction":[{"@type":"ReadAction","target":["https:\/\/www.fondazioneaibi.it\/faris\/i-ragazzi-e-la-noia-di-vivere-tentati-suicidi-su-del-30\/"]}]},{"@type":"ImageObject","inLanguage":"it-IT","@id":"https:\/\/www.fondazioneaibi.it\/faris\/i-ragazzi-e-la-noia-di-vivere-tentati-suicidi-su-del-30\/#primaryimage","url":"https:\/\/www.fondazioneaibi.it\/faris\/wp-content\/uploads\/2021\/06\/faris_suicide.jpg","contentUrl":"https:\/\/www.fondazioneaibi.it\/faris\/wp-content\/uploads\/2021\/06\/faris_suicide.jpg","width":1900,"height":998},{"@type":"BreadcrumbList","@id":"https:\/\/www.fondazioneaibi.it\/faris\/i-ragazzi-e-la-noia-di-vivere-tentati-suicidi-su-del-30\/#breadcrumb","itemListElement":[{"@type":"ListItem","position":1,"name":"Home","item":"https:\/\/www.fondazioneaibi.it\/faris\/"},{"@type":"ListItem","position":2,"name":"I ragazzi e la noia di vivere. Tentati suicidi su del 30%"}]},{"@type":"WebSite","@id":"https:\/\/www.fondazioneaibi.it\/faris\/#website","url":"https:\/\/www.fondazioneaibi.it\/faris\/","name":"Faris","description":"Faris","publisher":{"@id":"https:\/\/www.fondazioneaibi.it\/faris\/#organization"},"potentialAction":[{"@type":"SearchAction","target":{"@type":"EntryPoint","urlTemplate":"https:\/\/www.fondazioneaibi.it\/faris\/?s={search_term_string}"},"query-input":{"@type":"PropertyValueSpecification","valueRequired":true,"valueName":"search_term_string"}}],"inLanguage":"it-IT"},{"@type":"Organization","@id":"https:\/\/www.fondazioneaibi.it\/faris\/#organization","name":"Faris","url":"https:\/\/www.fondazioneaibi.it\/faris\/","logo":{"@type":"ImageObject","inLanguage":"it-IT","@id":"https:\/\/www.fondazioneaibi.it\/faris\/#\/schema\/logo\/image\/","url":"https:\/\/www.fondazioneaibi.it\/faris\/wp-content\/uploads\/2021\/03\/FARIS-LOGO-WEB-SITE-payoff-490x109.png","contentUrl":"https:\/\/www.fondazioneaibi.it\/faris\/wp-content\/uploads\/2021\/03\/FARIS-LOGO-WEB-SITE-payoff-490x109.png","width":494,"height":110,"caption":"Faris"},"image":{"@id":"https:\/\/www.fondazioneaibi.it\/faris\/#\/schema\/logo\/image\/"}},{"@type":"Person","@id":"https:\/\/www.fondazioneaibi.it\/faris\/#\/schema\/person\/ad772d30be3e6bd1b1919619ef0ecb8d","name":"francescoE","image":{"@type":"ImageObject","inLanguage":"it-IT","@id":"https:\/\/www.fondazioneaibi.it\/faris\/#\/schema\/person\/image\/","url":"https:\/\/secure.gravatar.com\/avatar\/eb25bc3259115f3cc20fd1978e06816ae94cd44934e33996da7a734be3641d43?s=96&d=mm&r=g","contentUrl":"https:\/\/secure.gravatar.com\/avatar\/eb25bc3259115f3cc20fd1978e06816ae94cd44934e33996da7a734be3641d43?s=96&d=mm&r=g","caption":"francescoE"},"url":"https:\/\/www.fondazioneaibi.it\/faris\/author\/francescoe\/"}]}},"_links":{"self":[{"href":"https:\/\/www.fondazioneaibi.it\/faris\/wp-json\/wp\/v2\/posts\/6009","targetHints":{"allow":["GET"]}}],"collection":[{"href":"https:\/\/www.fondazioneaibi.it\/faris\/wp-json\/wp\/v2\/posts"}],"about":[{"href":"https:\/\/www.fondazioneaibi.it\/faris\/wp-json\/wp\/v2\/types\/post"}],"author":[{"embeddable":true,"href":"https:\/\/www.fondazioneaibi.it\/faris\/wp-json\/wp\/v2\/users\/18"}],"replies":[{"embeddable":true,"href":"https:\/\/www.fondazioneaibi.it\/faris\/wp-json\/wp\/v2\/comments?post=6009"}],"version-history":[{"count":1,"href":"https:\/\/www.fondazioneaibi.it\/faris\/wp-json\/wp\/v2\/posts\/6009\/revisions"}],"predecessor-version":[{"id":6012,"href":"https:\/\/www.fondazioneaibi.it\/faris\/wp-json\/wp\/v2\/posts\/6009\/revisions\/6012"}],"wp:featuredmedia":[{"embeddable":true,"href":"https:\/\/www.fondazioneaibi.it\/faris\/wp-json\/wp\/v2\/media\/6010"}],"wp:attachment":[{"href":"https:\/\/www.fondazioneaibi.it\/faris\/wp-json\/wp\/v2\/media?parent=6009"}],"wp:term":[{"taxonomy":"category","embeddable":true,"href":"https:\/\/www.fondazioneaibi.it\/faris\/wp-json\/wp\/v2\/categories?post=6009"},{"taxonomy":"post_tag","embeddable":true,"href":"https:\/\/www.fondazioneaibi.it\/faris\/wp-json\/wp\/v2\/tags?post=6009"}],"curies":[{"name":"wp","href":"https:\/\/api.w.org\/{rel}","templated":true}]}}