{"id":5970,"date":"2021-06-01T15:16:25","date_gmt":"2021-06-01T13:16:25","guid":{"rendered":"https:\/\/www.fondazioneaibi.it\/faris\/?p=5970"},"modified":"2021-06-01T15:16:25","modified_gmt":"2021-06-01T13:16:25","slug":"affido-familiare-un-webinar-il-10-giugno-per-imparare-a-gestire-i-rapporti-con-la-famiglia-dorigine","status":"publish","type":"post","link":"https:\/\/www.fondazioneaibi.it\/faris\/affido-familiare-un-webinar-il-10-giugno-per-imparare-a-gestire-i-rapporti-con-la-famiglia-dorigine\/","title":{"rendered":"Affido familiare. Un webinar il 10 giugno per imparare a gestire i rapporti con la famiglia d\u2019origine"},"content":{"rendered":"<h2><strong>Nel percorso di accoglienza dell\u2019affido familliare l\u2019aspetto dei rapporti con la famiglia d\u2019origine \u00e8 senza dubbio uno dei pi\u00f9 critici. Faris propone un webinar, il 10 giugno alle ore 18, per discuterne con coppie, famiglie e single interessati<\/strong><\/h2>\n<p>Accogliere un figlio in casa, con il fine preciso di accompagnarlo al di fuori della stessa casa che lo ha accolto. Da un certo punto di vista, se vogliamo, l\u2019affido familiare si basa su un ossimoro: <strong>accogliere\u2026 per distaccarsi<\/strong>. Certo, si potrebbe replicare che l\u2019atteggiamento verso ogni figlio dovrebbe seguire queto schema, perch\u00e9 dovere dei genitori \u00e8 <strong>accompagnare il figlio sulla propria strada<\/strong>, qualunque essa sia. Nell\u2019affido, per\u00f2, questa discorso \u00e8 ben pi\u00f9 forte, perch\u00e9 la famiglia \u00e8 chiamata ad aprire le porte di casa a un bambino o un ragazzo che entra con <strong>gi\u00e0 una sua storia alle spalle<\/strong>, spesso difficile, e che a quella storia, si spera guarita e migliorata, dovr\u00e0 ricongiungersi.<\/p>\n<h3><strong>Il rapporto con la famiglia d\u2019origine del minore in affido familiare<\/strong><\/h3>\n<p>Questo \u00e8 l\u2019affido familiare, un atto di accoglienza <strong>totalmente gratuito<\/strong> che ha l\u2019obiettivo di aiutare e preparare il minore per <strong>un ritorno all\u2019interno del suo nucleo familiare d\u2019origine<\/strong>.<br \/>\nIn quest\u2019ottica, quindi, \u00e8 chiaro che il rapporto con la famiglia d\u2019origine \u00e8 centrale lungo tutto il cammino. Per il minore per primo, certo, ma anche per la famiglia affidataria.<br \/>\nNasce da questa consapevolezza la proposta di Faris \u2013 Family Relationship International School di un webinar dedicato al tema e rivolto a <strong>coppie, famiglie e single <\/strong>interessati all\u2019affidamento familiare.<\/p>\n<p>Nell\u2019incontro \u201cAffido familiare: i rapporti con le famiglia d\u2019origine\u201d, in programma <strong>gioved\u00ec 10 giugno, dalle 18 alle 20<\/strong>, verranno affrontate prima di tutto le normative in materia di affido e le modalit\u00e0 operative consolidate, per poi esporre diversi <strong>esempi concreti<\/strong> che possano aiutare i partecipanti a conoscere pi\u00f9 a fondo la tematica, sia attraverso una parte illustrativa da parte del conduttore, sia grazie ad alcuni momenti di <strong>interazione con i partecipanti<\/strong>.<br \/>\nL\u2019obiettivo, come detto, \u00e8 fornire degli strumenti utili per comprendere come la famiglia affidataria pu\u00f2 <strong>approcciare la famiglia<\/strong> d\u2019origine e <strong>gestirne la relazione<\/strong> con essa, contribuendo anche a prefigurare alcuni scenari che potrebbero accadere alle coppie, le famiglie o i single durante il percorso di accoglienza.<\/p>\n<p>A tenere l\u2019incontro sar\u00e0 la dottoressa <strong>Sonia Albini<\/strong>, assistente sociale, formatrice, referente del settore Affido di AiBi \u2013 Amici dei Bambini, esperta in tematiche di Affido Familiare e di servizi di accoglienza minori.<br \/>\nPer maggiori informazioni, si pu\u00f2 vedere la <a href=\"https:\/\/www.fondazioneaibi.it\/faris\/prodotto\/webinar-affido-familiare-i-rapporti-con-la-famiglia-di-origine\/\">pagina dedicata<\/a> o contattare la segreteria di FARIS all\u2019indirizzo <a href=\"mailto:faris@fondazioneaibi.it\">faris@fondazioneaibi.it<\/a><\/p>\n","protected":false},"excerpt":{"rendered":"<p>Nel percorso di accoglienza dell\u2019affido familliare l\u2019aspetto dei rapporti con la famiglia d\u2019origine \u00e8 senza dubbio uno dei pi\u00f9 critici. Faris propone un webinar, il 10 giugno alle ore 18, per discuterne con coppie, famiglie e single interessati Accogliere un figlio in casa, con il fine preciso di accompagnarlo al di fuori della stessa casa [&hellip;]<\/p>\n","protected":false},"author":18,"featured_media":5971,"comment_status":"open","ping_status":"open","sticky":false,"template":"","format":"standard","meta":{"footnotes":""},"categories":[1],"tags":[162,138],"class_list":["post-5970","post","type-post","status-publish","format-standard","has-post-thumbnail","hentry","category-news","tag-affido-familiare","tag-webinar"],"yoast_head":"<!-- This site is optimized with the Yoast SEO plugin v26.9 - https:\/\/yoast.com\/product\/yoast-seo-wordpress\/ -->\n<title>Affido familiare. Un webinar per gestire i rapporti con la famiglia d\u2019origine<\/title>\n<meta name=\"description\" content=\"Nel percorso dell\u2019affido familliare l\u2019aspetto dei rapporti con la famiglia d\u2019origine \u00e8 uno dei pi\u00f9 critici. Faris propone un webinar per discuterne\" \/>\n<meta name=\"robots\" content=\"index, follow, max-snippet:-1, max-image-preview:large, max-video-preview:-1\" \/>\n<link rel=\"canonical\" href=\"https:\/\/www.fondazioneaibi.it\/faris\/affido-familiare-un-webinar-il-10-giugno-per-imparare-a-gestire-i-rapporti-con-la-famiglia-dorigine\/\" \/>\n<meta property=\"og:locale\" content=\"it_IT\" \/>\n<meta property=\"og:type\" content=\"article\" \/>\n<meta property=\"og:title\" content=\"Affido familiare. Un webinar per gestire i rapporti con la famiglia d\u2019origine\" \/>\n<meta property=\"og:description\" content=\"Nel percorso dell\u2019affido familliare l\u2019aspetto dei rapporti con la famiglia d\u2019origine \u00e8 uno dei pi\u00f9 critici. Faris propone un webinar per discuterne\" \/>\n<meta property=\"og:url\" content=\"https:\/\/www.fondazioneaibi.it\/faris\/affido-familiare-un-webinar-il-10-giugno-per-imparare-a-gestire-i-rapporti-con-la-famiglia-dorigine\/\" \/>\n<meta property=\"og:site_name\" content=\"Faris\" \/>\n<meta property=\"article:published_time\" content=\"2021-06-01T13:16:25+00:00\" \/>\n<meta property=\"og:image\" content=\"https:\/\/www.fondazioneaibi.it\/faris\/wp-content\/uploads\/2021\/06\/rapporti-famiglia-origine.jpg\" \/>\n\t<meta property=\"og:image:width\" content=\"1200\" \/>\n\t<meta property=\"og:image:height\" content=\"630\" \/>\n\t<meta property=\"og:image:type\" content=\"image\/jpeg\" \/>\n<meta name=\"author\" content=\"francescoE\" \/>\n<meta name=\"twitter:card\" content=\"summary_large_image\" \/>\n<meta name=\"twitter:label1\" content=\"Scritto da\" \/>\n\t<meta name=\"twitter:data1\" content=\"francescoE\" \/>\n\t<meta name=\"twitter:label2\" content=\"Tempo di lettura stimato\" \/>\n\t<meta name=\"twitter:data2\" content=\"2 minuti\" \/>\n<script type=\"application\/ld+json\" class=\"yoast-schema-graph\">{\"@context\":\"https:\/\/schema.org\",\"@graph\":[{\"@type\":\"Article\",\"@id\":\"https:\/\/www.fondazioneaibi.it\/faris\/affido-familiare-un-webinar-il-10-giugno-per-imparare-a-gestire-i-rapporti-con-la-famiglia-dorigine\/#article\",\"isPartOf\":{\"@id\":\"https:\/\/www.fondazioneaibi.it\/faris\/affido-familiare-un-webinar-il-10-giugno-per-imparare-a-gestire-i-rapporti-con-la-famiglia-dorigine\/\"},\"author\":{\"name\":\"francescoE\",\"@id\":\"https:\/\/www.fondazioneaibi.it\/faris\/#\/schema\/person\/ad772d30be3e6bd1b1919619ef0ecb8d\"},\"headline\":\"Affido familiare. Un webinar il 10 giugno per imparare a gestire i rapporti con la famiglia d\u2019origine\",\"datePublished\":\"2021-06-01T13:16:25+00:00\",\"mainEntityOfPage\":{\"@id\":\"https:\/\/www.fondazioneaibi.it\/faris\/affido-familiare-un-webinar-il-10-giugno-per-imparare-a-gestire-i-rapporti-con-la-famiglia-dorigine\/\"},\"wordCount\":441,\"commentCount\":0,\"publisher\":{\"@id\":\"https:\/\/www.fondazioneaibi.it\/faris\/#organization\"},\"image\":{\"@id\":\"https:\/\/www.fondazioneaibi.it\/faris\/affido-familiare-un-webinar-il-10-giugno-per-imparare-a-gestire-i-rapporti-con-la-famiglia-dorigine\/#primaryimage\"},\"thumbnailUrl\":\"https:\/\/www.fondazioneaibi.it\/faris\/wp-content\/uploads\/2021\/06\/rapporti-famiglia-origine.jpg\",\"keywords\":[\"affido familiare\",\"webinar\"],\"articleSection\":[\"News\"],\"inLanguage\":\"it-IT\",\"potentialAction\":[{\"@type\":\"CommentAction\",\"name\":\"Comment\",\"target\":[\"https:\/\/www.fondazioneaibi.it\/faris\/affido-familiare-un-webinar-il-10-giugno-per-imparare-a-gestire-i-rapporti-con-la-famiglia-dorigine\/#respond\"]}]},{\"@type\":\"WebPage\",\"@id\":\"https:\/\/www.fondazioneaibi.it\/faris\/affido-familiare-un-webinar-il-10-giugno-per-imparare-a-gestire-i-rapporti-con-la-famiglia-dorigine\/\",\"url\":\"https:\/\/www.fondazioneaibi.it\/faris\/affido-familiare-un-webinar-il-10-giugno-per-imparare-a-gestire-i-rapporti-con-la-famiglia-dorigine\/\",\"name\":\"Affido familiare. Un webinar per gestire i rapporti con la famiglia d\u2019origine\",\"isPartOf\":{\"@id\":\"https:\/\/www.fondazioneaibi.it\/faris\/#website\"},\"primaryImageOfPage\":{\"@id\":\"https:\/\/www.fondazioneaibi.it\/faris\/affido-familiare-un-webinar-il-10-giugno-per-imparare-a-gestire-i-rapporti-con-la-famiglia-dorigine\/#primaryimage\"},\"image\":{\"@id\":\"https:\/\/www.fondazioneaibi.it\/faris\/affido-familiare-un-webinar-il-10-giugno-per-imparare-a-gestire-i-rapporti-con-la-famiglia-dorigine\/#primaryimage\"},\"thumbnailUrl\":\"https:\/\/www.fondazioneaibi.it\/faris\/wp-content\/uploads\/2021\/06\/rapporti-famiglia-origine.jpg\",\"datePublished\":\"2021-06-01T13:16:25+00:00\",\"description\":\"Nel percorso dell\u2019affido familliare l\u2019aspetto dei rapporti con la famiglia d\u2019origine \u00e8 uno dei pi\u00f9 critici. Faris propone un webinar per discuterne\",\"breadcrumb\":{\"@id\":\"https:\/\/www.fondazioneaibi.it\/faris\/affido-familiare-un-webinar-il-10-giugno-per-imparare-a-gestire-i-rapporti-con-la-famiglia-dorigine\/#breadcrumb\"},\"inLanguage\":\"it-IT\",\"potentialAction\":[{\"@type\":\"ReadAction\",\"target\":[\"https:\/\/www.fondazioneaibi.it\/faris\/affido-familiare-un-webinar-il-10-giugno-per-imparare-a-gestire-i-rapporti-con-la-famiglia-dorigine\/\"]}]},{\"@type\":\"ImageObject\",\"inLanguage\":\"it-IT\",\"@id\":\"https:\/\/www.fondazioneaibi.it\/faris\/affido-familiare-un-webinar-il-10-giugno-per-imparare-a-gestire-i-rapporti-con-la-famiglia-dorigine\/#primaryimage\",\"url\":\"https:\/\/www.fondazioneaibi.it\/faris\/wp-content\/uploads\/2021\/06\/rapporti-famiglia-origine.jpg\",\"contentUrl\":\"https:\/\/www.fondazioneaibi.it\/faris\/wp-content\/uploads\/2021\/06\/rapporti-famiglia-origine.jpg\",\"width\":1200,\"height\":630},{\"@type\":\"BreadcrumbList\",\"@id\":\"https:\/\/www.fondazioneaibi.it\/faris\/affido-familiare-un-webinar-il-10-giugno-per-imparare-a-gestire-i-rapporti-con-la-famiglia-dorigine\/#breadcrumb\",\"itemListElement\":[{\"@type\":\"ListItem\",\"position\":1,\"name\":\"Home\",\"item\":\"https:\/\/www.fondazioneaibi.it\/faris\/\"},{\"@type\":\"ListItem\",\"position\":2,\"name\":\"Affido familiare. Un webinar il 10 giugno per imparare a gestire i rapporti con la famiglia d\u2019origine\"}]},{\"@type\":\"WebSite\",\"@id\":\"https:\/\/www.fondazioneaibi.it\/faris\/#website\",\"url\":\"https:\/\/www.fondazioneaibi.it\/faris\/\",\"name\":\"Faris\",\"description\":\"Faris\",\"publisher\":{\"@id\":\"https:\/\/www.fondazioneaibi.it\/faris\/#organization\"},\"potentialAction\":[{\"@type\":\"SearchAction\",\"target\":{\"@type\":\"EntryPoint\",\"urlTemplate\":\"https:\/\/www.fondazioneaibi.it\/faris\/?s={search_term_string}\"},\"query-input\":{\"@type\":\"PropertyValueSpecification\",\"valueRequired\":true,\"valueName\":\"search_term_string\"}}],\"inLanguage\":\"it-IT\"},{\"@type\":\"Organization\",\"@id\":\"https:\/\/www.fondazioneaibi.it\/faris\/#organization\",\"name\":\"Faris\",\"url\":\"https:\/\/www.fondazioneaibi.it\/faris\/\",\"logo\":{\"@type\":\"ImageObject\",\"inLanguage\":\"it-IT\",\"@id\":\"https:\/\/www.fondazioneaibi.it\/faris\/#\/schema\/logo\/image\/\",\"url\":\"https:\/\/www.fondazioneaibi.it\/faris\/wp-content\/uploads\/2021\/03\/FARIS-LOGO-WEB-SITE-payoff-490x109.png\",\"contentUrl\":\"https:\/\/www.fondazioneaibi.it\/faris\/wp-content\/uploads\/2021\/03\/FARIS-LOGO-WEB-SITE-payoff-490x109.png\",\"width\":494,\"height\":110,\"caption\":\"Faris\"},\"image\":{\"@id\":\"https:\/\/www.fondazioneaibi.it\/faris\/#\/schema\/logo\/image\/\"}},{\"@type\":\"Person\",\"@id\":\"https:\/\/www.fondazioneaibi.it\/faris\/#\/schema\/person\/ad772d30be3e6bd1b1919619ef0ecb8d\",\"name\":\"francescoE\",\"image\":{\"@type\":\"ImageObject\",\"inLanguage\":\"it-IT\",\"@id\":\"https:\/\/www.fondazioneaibi.it\/faris\/#\/schema\/person\/image\/\",\"url\":\"https:\/\/secure.gravatar.com\/avatar\/eb25bc3259115f3cc20fd1978e06816ae94cd44934e33996da7a734be3641d43?s=96&d=mm&r=g\",\"contentUrl\":\"https:\/\/secure.gravatar.com\/avatar\/eb25bc3259115f3cc20fd1978e06816ae94cd44934e33996da7a734be3641d43?s=96&d=mm&r=g\",\"caption\":\"francescoE\"},\"url\":\"https:\/\/www.fondazioneaibi.it\/faris\/author\/francescoe\/\"}]}<\/script>\n<!-- \/ Yoast SEO plugin. -->","yoast_head_json":{"title":"Affido familiare. Un webinar per gestire i rapporti con la famiglia d\u2019origine","description":"Nel percorso dell\u2019affido familliare l\u2019aspetto dei rapporti con la famiglia d\u2019origine \u00e8 uno dei pi\u00f9 critici. Faris propone un webinar per discuterne","robots":{"index":"index","follow":"follow","max-snippet":"max-snippet:-1","max-image-preview":"max-image-preview:large","max-video-preview":"max-video-preview:-1"},"canonical":"https:\/\/www.fondazioneaibi.it\/faris\/affido-familiare-un-webinar-il-10-giugno-per-imparare-a-gestire-i-rapporti-con-la-famiglia-dorigine\/","og_locale":"it_IT","og_type":"article","og_title":"Affido familiare. Un webinar per gestire i rapporti con la famiglia d\u2019origine","og_description":"Nel percorso dell\u2019affido familliare l\u2019aspetto dei rapporti con la famiglia d\u2019origine \u00e8 uno dei pi\u00f9 critici. Faris propone un webinar per discuterne","og_url":"https:\/\/www.fondazioneaibi.it\/faris\/affido-familiare-un-webinar-il-10-giugno-per-imparare-a-gestire-i-rapporti-con-la-famiglia-dorigine\/","og_site_name":"Faris","article_published_time":"2021-06-01T13:16:25+00:00","og_image":[{"width":1200,"height":630,"url":"https:\/\/www.fondazioneaibi.it\/faris\/wp-content\/uploads\/2021\/06\/rapporti-famiglia-origine.jpg","type":"image\/jpeg"}],"author":"francescoE","twitter_card":"summary_large_image","twitter_misc":{"Scritto da":"francescoE","Tempo di lettura stimato":"2 minuti"},"schema":{"@context":"https:\/\/schema.org","@graph":[{"@type":"Article","@id":"https:\/\/www.fondazioneaibi.it\/faris\/affido-familiare-un-webinar-il-10-giugno-per-imparare-a-gestire-i-rapporti-con-la-famiglia-dorigine\/#article","isPartOf":{"@id":"https:\/\/www.fondazioneaibi.it\/faris\/affido-familiare-un-webinar-il-10-giugno-per-imparare-a-gestire-i-rapporti-con-la-famiglia-dorigine\/"},"author":{"name":"francescoE","@id":"https:\/\/www.fondazioneaibi.it\/faris\/#\/schema\/person\/ad772d30be3e6bd1b1919619ef0ecb8d"},"headline":"Affido familiare. Un webinar il 10 giugno per imparare a gestire i rapporti con la famiglia d\u2019origine","datePublished":"2021-06-01T13:16:25+00:00","mainEntityOfPage":{"@id":"https:\/\/www.fondazioneaibi.it\/faris\/affido-familiare-un-webinar-il-10-giugno-per-imparare-a-gestire-i-rapporti-con-la-famiglia-dorigine\/"},"wordCount":441,"commentCount":0,"publisher":{"@id":"https:\/\/www.fondazioneaibi.it\/faris\/#organization"},"image":{"@id":"https:\/\/www.fondazioneaibi.it\/faris\/affido-familiare-un-webinar-il-10-giugno-per-imparare-a-gestire-i-rapporti-con-la-famiglia-dorigine\/#primaryimage"},"thumbnailUrl":"https:\/\/www.fondazioneaibi.it\/faris\/wp-content\/uploads\/2021\/06\/rapporti-famiglia-origine.jpg","keywords":["affido familiare","webinar"],"articleSection":["News"],"inLanguage":"it-IT","potentialAction":[{"@type":"CommentAction","name":"Comment","target":["https:\/\/www.fondazioneaibi.it\/faris\/affido-familiare-un-webinar-il-10-giugno-per-imparare-a-gestire-i-rapporti-con-la-famiglia-dorigine\/#respond"]}]},{"@type":"WebPage","@id":"https:\/\/www.fondazioneaibi.it\/faris\/affido-familiare-un-webinar-il-10-giugno-per-imparare-a-gestire-i-rapporti-con-la-famiglia-dorigine\/","url":"https:\/\/www.fondazioneaibi.it\/faris\/affido-familiare-un-webinar-il-10-giugno-per-imparare-a-gestire-i-rapporti-con-la-famiglia-dorigine\/","name":"Affido familiare. Un webinar per gestire i rapporti con la famiglia d\u2019origine","isPartOf":{"@id":"https:\/\/www.fondazioneaibi.it\/faris\/#website"},"primaryImageOfPage":{"@id":"https:\/\/www.fondazioneaibi.it\/faris\/affido-familiare-un-webinar-il-10-giugno-per-imparare-a-gestire-i-rapporti-con-la-famiglia-dorigine\/#primaryimage"},"image":{"@id":"https:\/\/www.fondazioneaibi.it\/faris\/affido-familiare-un-webinar-il-10-giugno-per-imparare-a-gestire-i-rapporti-con-la-famiglia-dorigine\/#primaryimage"},"thumbnailUrl":"https:\/\/www.fondazioneaibi.it\/faris\/wp-content\/uploads\/2021\/06\/rapporti-famiglia-origine.jpg","datePublished":"2021-06-01T13:16:25+00:00","description":"Nel percorso dell\u2019affido familliare l\u2019aspetto dei rapporti con la famiglia d\u2019origine \u00e8 uno dei pi\u00f9 critici. Faris propone un webinar per discuterne","breadcrumb":{"@id":"https:\/\/www.fondazioneaibi.it\/faris\/affido-familiare-un-webinar-il-10-giugno-per-imparare-a-gestire-i-rapporti-con-la-famiglia-dorigine\/#breadcrumb"},"inLanguage":"it-IT","potentialAction":[{"@type":"ReadAction","target":["https:\/\/www.fondazioneaibi.it\/faris\/affido-familiare-un-webinar-il-10-giugno-per-imparare-a-gestire-i-rapporti-con-la-famiglia-dorigine\/"]}]},{"@type":"ImageObject","inLanguage":"it-IT","@id":"https:\/\/www.fondazioneaibi.it\/faris\/affido-familiare-un-webinar-il-10-giugno-per-imparare-a-gestire-i-rapporti-con-la-famiglia-dorigine\/#primaryimage","url":"https:\/\/www.fondazioneaibi.it\/faris\/wp-content\/uploads\/2021\/06\/rapporti-famiglia-origine.jpg","contentUrl":"https:\/\/www.fondazioneaibi.it\/faris\/wp-content\/uploads\/2021\/06\/rapporti-famiglia-origine.jpg","width":1200,"height":630},{"@type":"BreadcrumbList","@id":"https:\/\/www.fondazioneaibi.it\/faris\/affido-familiare-un-webinar-il-10-giugno-per-imparare-a-gestire-i-rapporti-con-la-famiglia-dorigine\/#breadcrumb","itemListElement":[{"@type":"ListItem","position":1,"name":"Home","item":"https:\/\/www.fondazioneaibi.it\/faris\/"},{"@type":"ListItem","position":2,"name":"Affido familiare. Un webinar il 10 giugno per imparare a gestire i rapporti con la famiglia d\u2019origine"}]},{"@type":"WebSite","@id":"https:\/\/www.fondazioneaibi.it\/faris\/#website","url":"https:\/\/www.fondazioneaibi.it\/faris\/","name":"Faris","description":"Faris","publisher":{"@id":"https:\/\/www.fondazioneaibi.it\/faris\/#organization"},"potentialAction":[{"@type":"SearchAction","target":{"@type":"EntryPoint","urlTemplate":"https:\/\/www.fondazioneaibi.it\/faris\/?s={search_term_string}"},"query-input":{"@type":"PropertyValueSpecification","valueRequired":true,"valueName":"search_term_string"}}],"inLanguage":"it-IT"},{"@type":"Organization","@id":"https:\/\/www.fondazioneaibi.it\/faris\/#organization","name":"Faris","url":"https:\/\/www.fondazioneaibi.it\/faris\/","logo":{"@type":"ImageObject","inLanguage":"it-IT","@id":"https:\/\/www.fondazioneaibi.it\/faris\/#\/schema\/logo\/image\/","url":"https:\/\/www.fondazioneaibi.it\/faris\/wp-content\/uploads\/2021\/03\/FARIS-LOGO-WEB-SITE-payoff-490x109.png","contentUrl":"https:\/\/www.fondazioneaibi.it\/faris\/wp-content\/uploads\/2021\/03\/FARIS-LOGO-WEB-SITE-payoff-490x109.png","width":494,"height":110,"caption":"Faris"},"image":{"@id":"https:\/\/www.fondazioneaibi.it\/faris\/#\/schema\/logo\/image\/"}},{"@type":"Person","@id":"https:\/\/www.fondazioneaibi.it\/faris\/#\/schema\/person\/ad772d30be3e6bd1b1919619ef0ecb8d","name":"francescoE","image":{"@type":"ImageObject","inLanguage":"it-IT","@id":"https:\/\/www.fondazioneaibi.it\/faris\/#\/schema\/person\/image\/","url":"https:\/\/secure.gravatar.com\/avatar\/eb25bc3259115f3cc20fd1978e06816ae94cd44934e33996da7a734be3641d43?s=96&d=mm&r=g","contentUrl":"https:\/\/secure.gravatar.com\/avatar\/eb25bc3259115f3cc20fd1978e06816ae94cd44934e33996da7a734be3641d43?s=96&d=mm&r=g","caption":"francescoE"},"url":"https:\/\/www.fondazioneaibi.it\/faris\/author\/francescoe\/"}]}},"_links":{"self":[{"href":"https:\/\/www.fondazioneaibi.it\/faris\/wp-json\/wp\/v2\/posts\/5970","targetHints":{"allow":["GET"]}}],"collection":[{"href":"https:\/\/www.fondazioneaibi.it\/faris\/wp-json\/wp\/v2\/posts"}],"about":[{"href":"https:\/\/www.fondazioneaibi.it\/faris\/wp-json\/wp\/v2\/types\/post"}],"author":[{"embeddable":true,"href":"https:\/\/www.fondazioneaibi.it\/faris\/wp-json\/wp\/v2\/users\/18"}],"replies":[{"embeddable":true,"href":"https:\/\/www.fondazioneaibi.it\/faris\/wp-json\/wp\/v2\/comments?post=5970"}],"version-history":[{"count":1,"href":"https:\/\/www.fondazioneaibi.it\/faris\/wp-json\/wp\/v2\/posts\/5970\/revisions"}],"predecessor-version":[{"id":5972,"href":"https:\/\/www.fondazioneaibi.it\/faris\/wp-json\/wp\/v2\/posts\/5970\/revisions\/5972"}],"wp:featuredmedia":[{"embeddable":true,"href":"https:\/\/www.fondazioneaibi.it\/faris\/wp-json\/wp\/v2\/media\/5971"}],"wp:attachment":[{"href":"https:\/\/www.fondazioneaibi.it\/faris\/wp-json\/wp\/v2\/media?parent=5970"}],"wp:term":[{"taxonomy":"category","embeddable":true,"href":"https:\/\/www.fondazioneaibi.it\/faris\/wp-json\/wp\/v2\/categories?post=5970"},{"taxonomy":"post_tag","embeddable":true,"href":"https:\/\/www.fondazioneaibi.it\/faris\/wp-json\/wp\/v2\/tags?post=5970"}],"curies":[{"name":"wp","href":"https:\/\/api.w.org\/{rel}","templated":true}]}}