{"id":5956,"date":"2021-05-27T15:08:54","date_gmt":"2021-05-27T13:08:54","guid":{"rendered":"https:\/\/www.fondazioneaibi.it\/faris\/?p=5956"},"modified":"2021-05-27T15:08:54","modified_gmt":"2021-05-27T13:08:54","slug":"oggi-ladozione-internazionale-e-ancora-possibile-un-webinar-per-saperne-di-piu","status":"publish","type":"post","link":"https:\/\/www.fondazioneaibi.it\/faris\/oggi-ladozione-internazionale-e-ancora-possibile-un-webinar-per-saperne-di-piu\/","title":{"rendered":"Oggi L\u2019Adozione Internazionale \u00e8 ancora possibile? Un webinar per saperne di pi\u00f9"},"content":{"rendered":"<h2><strong>Gioved\u00ec 3 giugno nuovo appuntamento con il corso \u201cPrimi pasi nel mondo dell\u2019adozione internazionale\u201d, per far scoprire alle coppie interessate questo percorso affascinante e accompagnarle alla presentazione della domanda di idoneit\u00e0<\/strong><\/h2>\n<p>Dire \u201cadozione internazionale\u201d, per i pi\u00f9, significa semplicemente evocare un vago quadretto in cui una coppia, magari conosciuta a scuola del figlio, ha un bambino che proviene da un Pease lontano. Una cosa bella, dunque, ma le cui <strong>implicazioni<\/strong> e i cui <strong>meccanismi<\/strong> rimangono sconosciuti. Di per s\u00e9, la stessa cosa pu\u00f2 capitare anche per tanti altri argomenti, ma quando c\u2019\u00e8 di mezzo <strong>la vita delle persone e dei bambini in particolare<\/strong>, avere qualche conoscenza pi\u00f9 approfondita in merito non \u00e8 mai una cosa sbagliata.<br \/>\nInoltre, proprio questo \u201cnon conoscere\u201d pu\u00f2 voler dire anche non chiedersi, realmente, se l\u2019adozione internazionale potrebbe essere una cosa interessante anche per se stessi, ritenendola, magari, un percorso troppo complicato e \u201cmisterioso\u201d cui avvicinarsi. Questione di ignoranza, appunto, intesa nel senso etimologico del termine.<\/p>\n<p>Perch\u00e9 \u00e8 certo vero che il <strong>percorso dell\u2019adozione internazionale<\/strong> \u00e8 abbastanza complesso e temporalmente lungo, ma sicuramente \u00e8 anche una delle <strong>esperienze pi\u00f9 avvincenti e arricchenti che si possano sperimentare<\/strong>. Proprio peer raccontare cosa significa avvicinarsi per la prima volta al mondo dell\u2019adozione internazionale, <strong>Faris \u2013 Family Relationship International School<\/strong>, organizza il webinar \u201c<strong><a href=\"https:\/\/www.fondazioneaibi.it\/faris\/prodotto\/primi-passi-nel-mondo-delladozione-internazionale-2\/\">Primi passi nel mondo dell\u2019adozione internazionale<\/a><\/strong>\u201d, in programma gioved\u00ec 3 giugno dalle ore 17.00 alle 20.00.<\/p>\n<p>Relatrice sar\u00e0 la Dott.ssa <strong>Lorenza Persona<\/strong>, mediatrice familiare, referente per le adozioni internazionali di AiBi \u2013 Amici dei Bambini ed esperta in tematiche di Adozione Internazionale.<\/p>\n<p>Il corso parte approfondendo le <strong>normative di riferimento<\/strong> per l\u2019adozione, cercando, da qui, di spiegare le <strong>procedure<\/strong> che le famiglie devono espletare e inquadrando il <strong>ruolo degli<\/strong> <strong>enti autorizzati<\/strong>, tramite indispensabile per portare a compimento qualsiasi percorso di adozione internazionale. L\u2019obiettivo \u00e8 <strong>dissipare i primi dubbi<\/strong> che si possono avere riguardo questo settore e fornire ai partecipanti gli strumenti per <strong>presentare domanda di idoneit\u00e0<\/strong> per diventare genitori adottivi, sia a livello nazionale sia internazionale.<br \/>\nLa partecipazione al webinar (costo 50 euro) prevede il rilascio di un attestato di partecipazione.<\/p>\n","protected":false},"excerpt":{"rendered":"<p>Gioved\u00ec 3 giugno nuovo appuntamento con il corso \u201cPrimi pasi nel mondo dell\u2019adozione internazionale\u201d, per far scoprire alle coppie interessate questo percorso affascinante e accompagnarle alla presentazione della domanda di idoneit\u00e0 Dire \u201cadozione internazionale\u201d, per i pi\u00f9, significa semplicemente evocare un vago quadretto in cui una coppia, magari conosciuta a scuola del figlio, ha un [&hellip;]<\/p>\n","protected":false},"author":18,"featured_media":5957,"comment_status":"open","ping_status":"open","sticky":false,"template":"","format":"standard","meta":{"footnotes":""},"categories":[1],"tags":[135,138],"class_list":["post-5956","post","type-post","status-publish","format-standard","has-post-thumbnail","hentry","category-news","tag-adozione","tag-webinar"],"yoast_head":"<!-- This site is optimized with the Yoast SEO plugin v26.9 - https:\/\/yoast.com\/product\/yoast-seo-wordpress\/ -->\n<title>L\u2019Adozione Internazionale: un webinar per saperne di pi\u00f9<\/title>\n<meta name=\"description\" content=\"Nuovo appuntamento con il corso \u201cPrimi pasi nel mondo dell\u2019adozione internazionale\u201d, per scoprire questo affascinante percorso\" \/>\n<meta name=\"robots\" content=\"index, follow, max-snippet:-1, max-image-preview:large, max-video-preview:-1\" \/>\n<link rel=\"canonical\" href=\"https:\/\/www.fondazioneaibi.it\/faris\/oggi-ladozione-internazionale-e-ancora-possibile-un-webinar-per-saperne-di-piu\/\" \/>\n<meta property=\"og:locale\" content=\"it_IT\" \/>\n<meta property=\"og:type\" content=\"article\" \/>\n<meta property=\"og:title\" content=\"L\u2019Adozione Internazionale: un webinar per saperne di pi\u00f9\" \/>\n<meta property=\"og:description\" content=\"Nuovo appuntamento con il corso \u201cPrimi pasi nel mondo dell\u2019adozione internazionale\u201d, per scoprire questo affascinante percorso\" \/>\n<meta property=\"og:url\" content=\"https:\/\/www.fondazioneaibi.it\/faris\/oggi-ladozione-internazionale-e-ancora-possibile-un-webinar-per-saperne-di-piu\/\" \/>\n<meta property=\"og:site_name\" content=\"Faris\" \/>\n<meta property=\"article:published_time\" content=\"2021-05-27T13:08:54+00:00\" \/>\n<meta property=\"og:image\" content=\"https:\/\/www.fondazioneaibi.it\/faris\/wp-content\/uploads\/2021\/05\/Faris_primi_passi.jpg\" \/>\n\t<meta property=\"og:image:width\" content=\"1200\" \/>\n\t<meta property=\"og:image:height\" content=\"630\" \/>\n\t<meta property=\"og:image:type\" content=\"image\/jpeg\" \/>\n<meta name=\"author\" content=\"francescoE\" \/>\n<meta name=\"twitter:card\" content=\"summary_large_image\" \/>\n<meta name=\"twitter:label1\" content=\"Scritto da\" \/>\n\t<meta name=\"twitter:data1\" content=\"francescoE\" \/>\n\t<meta name=\"twitter:label2\" content=\"Tempo di lettura stimato\" \/>\n\t<meta name=\"twitter:data2\" content=\"2 minuti\" \/>\n<script type=\"application\/ld+json\" class=\"yoast-schema-graph\">{\"@context\":\"https:\/\/schema.org\",\"@graph\":[{\"@type\":\"Article\",\"@id\":\"https:\/\/www.fondazioneaibi.it\/faris\/oggi-ladozione-internazionale-e-ancora-possibile-un-webinar-per-saperne-di-piu\/#article\",\"isPartOf\":{\"@id\":\"https:\/\/www.fondazioneaibi.it\/faris\/oggi-ladozione-internazionale-e-ancora-possibile-un-webinar-per-saperne-di-piu\/\"},\"author\":{\"name\":\"francescoE\",\"@id\":\"https:\/\/www.fondazioneaibi.it\/faris\/#\/schema\/person\/ad772d30be3e6bd1b1919619ef0ecb8d\"},\"headline\":\"Oggi L\u2019Adozione Internazionale \u00e8 ancora possibile? Un webinar per saperne di pi\u00f9\",\"datePublished\":\"2021-05-27T13:08:54+00:00\",\"mainEntityOfPage\":{\"@id\":\"https:\/\/www.fondazioneaibi.it\/faris\/oggi-ladozione-internazionale-e-ancora-possibile-un-webinar-per-saperne-di-piu\/\"},\"wordCount\":352,\"commentCount\":0,\"publisher\":{\"@id\":\"https:\/\/www.fondazioneaibi.it\/faris\/#organization\"},\"image\":{\"@id\":\"https:\/\/www.fondazioneaibi.it\/faris\/oggi-ladozione-internazionale-e-ancora-possibile-un-webinar-per-saperne-di-piu\/#primaryimage\"},\"thumbnailUrl\":\"https:\/\/www.fondazioneaibi.it\/faris\/wp-content\/uploads\/2021\/05\/Faris_primi_passi.jpg\",\"keywords\":[\"adozione\",\"webinar\"],\"articleSection\":[\"News\"],\"inLanguage\":\"it-IT\",\"potentialAction\":[{\"@type\":\"CommentAction\",\"name\":\"Comment\",\"target\":[\"https:\/\/www.fondazioneaibi.it\/faris\/oggi-ladozione-internazionale-e-ancora-possibile-un-webinar-per-saperne-di-piu\/#respond\"]}]},{\"@type\":\"WebPage\",\"@id\":\"https:\/\/www.fondazioneaibi.it\/faris\/oggi-ladozione-internazionale-e-ancora-possibile-un-webinar-per-saperne-di-piu\/\",\"url\":\"https:\/\/www.fondazioneaibi.it\/faris\/oggi-ladozione-internazionale-e-ancora-possibile-un-webinar-per-saperne-di-piu\/\",\"name\":\"L\u2019Adozione Internazionale: un webinar per saperne di pi\u00f9\",\"isPartOf\":{\"@id\":\"https:\/\/www.fondazioneaibi.it\/faris\/#website\"},\"primaryImageOfPage\":{\"@id\":\"https:\/\/www.fondazioneaibi.it\/faris\/oggi-ladozione-internazionale-e-ancora-possibile-un-webinar-per-saperne-di-piu\/#primaryimage\"},\"image\":{\"@id\":\"https:\/\/www.fondazioneaibi.it\/faris\/oggi-ladozione-internazionale-e-ancora-possibile-un-webinar-per-saperne-di-piu\/#primaryimage\"},\"thumbnailUrl\":\"https:\/\/www.fondazioneaibi.it\/faris\/wp-content\/uploads\/2021\/05\/Faris_primi_passi.jpg\",\"datePublished\":\"2021-05-27T13:08:54+00:00\",\"description\":\"Nuovo appuntamento con il corso \u201cPrimi pasi nel mondo dell\u2019adozione internazionale\u201d, per scoprire questo affascinante percorso\",\"breadcrumb\":{\"@id\":\"https:\/\/www.fondazioneaibi.it\/faris\/oggi-ladozione-internazionale-e-ancora-possibile-un-webinar-per-saperne-di-piu\/#breadcrumb\"},\"inLanguage\":\"it-IT\",\"potentialAction\":[{\"@type\":\"ReadAction\",\"target\":[\"https:\/\/www.fondazioneaibi.it\/faris\/oggi-ladozione-internazionale-e-ancora-possibile-un-webinar-per-saperne-di-piu\/\"]}]},{\"@type\":\"ImageObject\",\"inLanguage\":\"it-IT\",\"@id\":\"https:\/\/www.fondazioneaibi.it\/faris\/oggi-ladozione-internazionale-e-ancora-possibile-un-webinar-per-saperne-di-piu\/#primaryimage\",\"url\":\"https:\/\/www.fondazioneaibi.it\/faris\/wp-content\/uploads\/2021\/05\/Faris_primi_passi.jpg\",\"contentUrl\":\"https:\/\/www.fondazioneaibi.it\/faris\/wp-content\/uploads\/2021\/05\/Faris_primi_passi.jpg\",\"width\":1200,\"height\":630},{\"@type\":\"BreadcrumbList\",\"@id\":\"https:\/\/www.fondazioneaibi.it\/faris\/oggi-ladozione-internazionale-e-ancora-possibile-un-webinar-per-saperne-di-piu\/#breadcrumb\",\"itemListElement\":[{\"@type\":\"ListItem\",\"position\":1,\"name\":\"Home\",\"item\":\"https:\/\/www.fondazioneaibi.it\/faris\/\"},{\"@type\":\"ListItem\",\"position\":2,\"name\":\"Oggi L\u2019Adozione Internazionale \u00e8 ancora possibile? Un webinar per saperne di pi\u00f9\"}]},{\"@type\":\"WebSite\",\"@id\":\"https:\/\/www.fondazioneaibi.it\/faris\/#website\",\"url\":\"https:\/\/www.fondazioneaibi.it\/faris\/\",\"name\":\"Faris\",\"description\":\"Faris\",\"publisher\":{\"@id\":\"https:\/\/www.fondazioneaibi.it\/faris\/#organization\"},\"potentialAction\":[{\"@type\":\"SearchAction\",\"target\":{\"@type\":\"EntryPoint\",\"urlTemplate\":\"https:\/\/www.fondazioneaibi.it\/faris\/?s={search_term_string}\"},\"query-input\":{\"@type\":\"PropertyValueSpecification\",\"valueRequired\":true,\"valueName\":\"search_term_string\"}}],\"inLanguage\":\"it-IT\"},{\"@type\":\"Organization\",\"@id\":\"https:\/\/www.fondazioneaibi.it\/faris\/#organization\",\"name\":\"Faris\",\"url\":\"https:\/\/www.fondazioneaibi.it\/faris\/\",\"logo\":{\"@type\":\"ImageObject\",\"inLanguage\":\"it-IT\",\"@id\":\"https:\/\/www.fondazioneaibi.it\/faris\/#\/schema\/logo\/image\/\",\"url\":\"https:\/\/www.fondazioneaibi.it\/faris\/wp-content\/uploads\/2021\/03\/FARIS-LOGO-WEB-SITE-payoff-490x109.png\",\"contentUrl\":\"https:\/\/www.fondazioneaibi.it\/faris\/wp-content\/uploads\/2021\/03\/FARIS-LOGO-WEB-SITE-payoff-490x109.png\",\"width\":494,\"height\":110,\"caption\":\"Faris\"},\"image\":{\"@id\":\"https:\/\/www.fondazioneaibi.it\/faris\/#\/schema\/logo\/image\/\"}},{\"@type\":\"Person\",\"@id\":\"https:\/\/www.fondazioneaibi.it\/faris\/#\/schema\/person\/ad772d30be3e6bd1b1919619ef0ecb8d\",\"name\":\"francescoE\",\"image\":{\"@type\":\"ImageObject\",\"inLanguage\":\"it-IT\",\"@id\":\"https:\/\/www.fondazioneaibi.it\/faris\/#\/schema\/person\/image\/\",\"url\":\"https:\/\/secure.gravatar.com\/avatar\/eb25bc3259115f3cc20fd1978e06816ae94cd44934e33996da7a734be3641d43?s=96&d=mm&r=g\",\"contentUrl\":\"https:\/\/secure.gravatar.com\/avatar\/eb25bc3259115f3cc20fd1978e06816ae94cd44934e33996da7a734be3641d43?s=96&d=mm&r=g\",\"caption\":\"francescoE\"},\"url\":\"https:\/\/www.fondazioneaibi.it\/faris\/author\/francescoe\/\"}]}<\/script>\n<!-- \/ Yoast SEO plugin. -->","yoast_head_json":{"title":"L\u2019Adozione Internazionale: un webinar per saperne di pi\u00f9","description":"Nuovo appuntamento con il corso \u201cPrimi pasi nel mondo dell\u2019adozione internazionale\u201d, per scoprire questo affascinante percorso","robots":{"index":"index","follow":"follow","max-snippet":"max-snippet:-1","max-image-preview":"max-image-preview:large","max-video-preview":"max-video-preview:-1"},"canonical":"https:\/\/www.fondazioneaibi.it\/faris\/oggi-ladozione-internazionale-e-ancora-possibile-un-webinar-per-saperne-di-piu\/","og_locale":"it_IT","og_type":"article","og_title":"L\u2019Adozione Internazionale: un webinar per saperne di pi\u00f9","og_description":"Nuovo appuntamento con il corso \u201cPrimi pasi nel mondo dell\u2019adozione internazionale\u201d, per scoprire questo affascinante percorso","og_url":"https:\/\/www.fondazioneaibi.it\/faris\/oggi-ladozione-internazionale-e-ancora-possibile-un-webinar-per-saperne-di-piu\/","og_site_name":"Faris","article_published_time":"2021-05-27T13:08:54+00:00","og_image":[{"width":1200,"height":630,"url":"https:\/\/www.fondazioneaibi.it\/faris\/wp-content\/uploads\/2021\/05\/Faris_primi_passi.jpg","type":"image\/jpeg"}],"author":"francescoE","twitter_card":"summary_large_image","twitter_misc":{"Scritto da":"francescoE","Tempo di lettura stimato":"2 minuti"},"schema":{"@context":"https:\/\/schema.org","@graph":[{"@type":"Article","@id":"https:\/\/www.fondazioneaibi.it\/faris\/oggi-ladozione-internazionale-e-ancora-possibile-un-webinar-per-saperne-di-piu\/#article","isPartOf":{"@id":"https:\/\/www.fondazioneaibi.it\/faris\/oggi-ladozione-internazionale-e-ancora-possibile-un-webinar-per-saperne-di-piu\/"},"author":{"name":"francescoE","@id":"https:\/\/www.fondazioneaibi.it\/faris\/#\/schema\/person\/ad772d30be3e6bd1b1919619ef0ecb8d"},"headline":"Oggi L\u2019Adozione Internazionale \u00e8 ancora possibile? Un webinar per saperne di pi\u00f9","datePublished":"2021-05-27T13:08:54+00:00","mainEntityOfPage":{"@id":"https:\/\/www.fondazioneaibi.it\/faris\/oggi-ladozione-internazionale-e-ancora-possibile-un-webinar-per-saperne-di-piu\/"},"wordCount":352,"commentCount":0,"publisher":{"@id":"https:\/\/www.fondazioneaibi.it\/faris\/#organization"},"image":{"@id":"https:\/\/www.fondazioneaibi.it\/faris\/oggi-ladozione-internazionale-e-ancora-possibile-un-webinar-per-saperne-di-piu\/#primaryimage"},"thumbnailUrl":"https:\/\/www.fondazioneaibi.it\/faris\/wp-content\/uploads\/2021\/05\/Faris_primi_passi.jpg","keywords":["adozione","webinar"],"articleSection":["News"],"inLanguage":"it-IT","potentialAction":[{"@type":"CommentAction","name":"Comment","target":["https:\/\/www.fondazioneaibi.it\/faris\/oggi-ladozione-internazionale-e-ancora-possibile-un-webinar-per-saperne-di-piu\/#respond"]}]},{"@type":"WebPage","@id":"https:\/\/www.fondazioneaibi.it\/faris\/oggi-ladozione-internazionale-e-ancora-possibile-un-webinar-per-saperne-di-piu\/","url":"https:\/\/www.fondazioneaibi.it\/faris\/oggi-ladozione-internazionale-e-ancora-possibile-un-webinar-per-saperne-di-piu\/","name":"L\u2019Adozione Internazionale: un webinar per saperne di pi\u00f9","isPartOf":{"@id":"https:\/\/www.fondazioneaibi.it\/faris\/#website"},"primaryImageOfPage":{"@id":"https:\/\/www.fondazioneaibi.it\/faris\/oggi-ladozione-internazionale-e-ancora-possibile-un-webinar-per-saperne-di-piu\/#primaryimage"},"image":{"@id":"https:\/\/www.fondazioneaibi.it\/faris\/oggi-ladozione-internazionale-e-ancora-possibile-un-webinar-per-saperne-di-piu\/#primaryimage"},"thumbnailUrl":"https:\/\/www.fondazioneaibi.it\/faris\/wp-content\/uploads\/2021\/05\/Faris_primi_passi.jpg","datePublished":"2021-05-27T13:08:54+00:00","description":"Nuovo appuntamento con il corso \u201cPrimi pasi nel mondo dell\u2019adozione internazionale\u201d, per scoprire questo affascinante percorso","breadcrumb":{"@id":"https:\/\/www.fondazioneaibi.it\/faris\/oggi-ladozione-internazionale-e-ancora-possibile-un-webinar-per-saperne-di-piu\/#breadcrumb"},"inLanguage":"it-IT","potentialAction":[{"@type":"ReadAction","target":["https:\/\/www.fondazioneaibi.it\/faris\/oggi-ladozione-internazionale-e-ancora-possibile-un-webinar-per-saperne-di-piu\/"]}]},{"@type":"ImageObject","inLanguage":"it-IT","@id":"https:\/\/www.fondazioneaibi.it\/faris\/oggi-ladozione-internazionale-e-ancora-possibile-un-webinar-per-saperne-di-piu\/#primaryimage","url":"https:\/\/www.fondazioneaibi.it\/faris\/wp-content\/uploads\/2021\/05\/Faris_primi_passi.jpg","contentUrl":"https:\/\/www.fondazioneaibi.it\/faris\/wp-content\/uploads\/2021\/05\/Faris_primi_passi.jpg","width":1200,"height":630},{"@type":"BreadcrumbList","@id":"https:\/\/www.fondazioneaibi.it\/faris\/oggi-ladozione-internazionale-e-ancora-possibile-un-webinar-per-saperne-di-piu\/#breadcrumb","itemListElement":[{"@type":"ListItem","position":1,"name":"Home","item":"https:\/\/www.fondazioneaibi.it\/faris\/"},{"@type":"ListItem","position":2,"name":"Oggi L\u2019Adozione Internazionale \u00e8 ancora possibile? Un webinar per saperne di pi\u00f9"}]},{"@type":"WebSite","@id":"https:\/\/www.fondazioneaibi.it\/faris\/#website","url":"https:\/\/www.fondazioneaibi.it\/faris\/","name":"Faris","description":"Faris","publisher":{"@id":"https:\/\/www.fondazioneaibi.it\/faris\/#organization"},"potentialAction":[{"@type":"SearchAction","target":{"@type":"EntryPoint","urlTemplate":"https:\/\/www.fondazioneaibi.it\/faris\/?s={search_term_string}"},"query-input":{"@type":"PropertyValueSpecification","valueRequired":true,"valueName":"search_term_string"}}],"inLanguage":"it-IT"},{"@type":"Organization","@id":"https:\/\/www.fondazioneaibi.it\/faris\/#organization","name":"Faris","url":"https:\/\/www.fondazioneaibi.it\/faris\/","logo":{"@type":"ImageObject","inLanguage":"it-IT","@id":"https:\/\/www.fondazioneaibi.it\/faris\/#\/schema\/logo\/image\/","url":"https:\/\/www.fondazioneaibi.it\/faris\/wp-content\/uploads\/2021\/03\/FARIS-LOGO-WEB-SITE-payoff-490x109.png","contentUrl":"https:\/\/www.fondazioneaibi.it\/faris\/wp-content\/uploads\/2021\/03\/FARIS-LOGO-WEB-SITE-payoff-490x109.png","width":494,"height":110,"caption":"Faris"},"image":{"@id":"https:\/\/www.fondazioneaibi.it\/faris\/#\/schema\/logo\/image\/"}},{"@type":"Person","@id":"https:\/\/www.fondazioneaibi.it\/faris\/#\/schema\/person\/ad772d30be3e6bd1b1919619ef0ecb8d","name":"francescoE","image":{"@type":"ImageObject","inLanguage":"it-IT","@id":"https:\/\/www.fondazioneaibi.it\/faris\/#\/schema\/person\/image\/","url":"https:\/\/secure.gravatar.com\/avatar\/eb25bc3259115f3cc20fd1978e06816ae94cd44934e33996da7a734be3641d43?s=96&d=mm&r=g","contentUrl":"https:\/\/secure.gravatar.com\/avatar\/eb25bc3259115f3cc20fd1978e06816ae94cd44934e33996da7a734be3641d43?s=96&d=mm&r=g","caption":"francescoE"},"url":"https:\/\/www.fondazioneaibi.it\/faris\/author\/francescoe\/"}]}},"_links":{"self":[{"href":"https:\/\/www.fondazioneaibi.it\/faris\/wp-json\/wp\/v2\/posts\/5956","targetHints":{"allow":["GET"]}}],"collection":[{"href":"https:\/\/www.fondazioneaibi.it\/faris\/wp-json\/wp\/v2\/posts"}],"about":[{"href":"https:\/\/www.fondazioneaibi.it\/faris\/wp-json\/wp\/v2\/types\/post"}],"author":[{"embeddable":true,"href":"https:\/\/www.fondazioneaibi.it\/faris\/wp-json\/wp\/v2\/users\/18"}],"replies":[{"embeddable":true,"href":"https:\/\/www.fondazioneaibi.it\/faris\/wp-json\/wp\/v2\/comments?post=5956"}],"version-history":[{"count":1,"href":"https:\/\/www.fondazioneaibi.it\/faris\/wp-json\/wp\/v2\/posts\/5956\/revisions"}],"predecessor-version":[{"id":5958,"href":"https:\/\/www.fondazioneaibi.it\/faris\/wp-json\/wp\/v2\/posts\/5956\/revisions\/5958"}],"wp:featuredmedia":[{"embeddable":true,"href":"https:\/\/www.fondazioneaibi.it\/faris\/wp-json\/wp\/v2\/media\/5957"}],"wp:attachment":[{"href":"https:\/\/www.fondazioneaibi.it\/faris\/wp-json\/wp\/v2\/media?parent=5956"}],"wp:term":[{"taxonomy":"category","embeddable":true,"href":"https:\/\/www.fondazioneaibi.it\/faris\/wp-json\/wp\/v2\/categories?post=5956"},{"taxonomy":"post_tag","embeddable":true,"href":"https:\/\/www.fondazioneaibi.it\/faris\/wp-json\/wp\/v2\/tags?post=5956"}],"curies":[{"name":"wp","href":"https:\/\/api.w.org\/{rel}","templated":true}]}}