{"id":5940,"date":"2021-05-20T15:54:57","date_gmt":"2021-05-20T13:54:57","guid":{"rendered":"https:\/\/www.fondazioneaibi.it\/faris\/?p=5940"},"modified":"2021-05-20T15:54:57","modified_gmt":"2021-05-20T13:54:57","slug":"conoscere-e-comprendere-laffido-familiare-webinar-il-27-maggio-per-i-soli-residenti-in-lombardia","status":"publish","type":"post","link":"https:\/\/www.fondazioneaibi.it\/faris\/conoscere-e-comprendere-laffido-familiare-webinar-il-27-maggio-per-i-soli-residenti-in-lombardia\/","title":{"rendered":"Conoscere e comprendere l\u2019affido familiare. Webinar il 27 maggio, per i soli residenti in Lombardia"},"content":{"rendered":"<h2><strong>Faris \u2013 Family Relationship International School organizza un incontro informativo per conoscere e approfondire il tema dell\u2019affido familiare rivolto esclusivamente a famiglie , coppie e single\u00a0\u00a0 residenti\u00a0 nel territorio lombardo<\/strong><\/h2>\n<p>La parola \u201caffidare\u201d deriva dal latino <em>fidus<\/em>: fidato. Il primo significato che ne d\u00e0 la <em>Treccani<\/em> \u00e8: \u201cDare in custodia, consegnare all\u2019altrui capacit\u00e0, <strong>cura o discrezione<\/strong>\u201d. Pu\u00f2 valere per dei documenti, per dei soldi, per un segreto, per la difesa di un imputato\u2026 Ma ci sono casi in cui il verbo \u201caffidare\u201d \u00e8 affiancato alla parola \u201cfigli\u201d. Succede, infatti, quando una famiglia attraversa un momento di difficolt\u00e0 e, momentaneamente, non riesce a prendersi cura dei figli, <strong>che i minori possano venire \u201caffidati\u201d a un\u2019altra famiglia<\/strong>. \u00c8 il cosiddetto affido familiare, misura che spesso si sente nominare, ma i cui meccanismi di base sono spesso sconosciuti ai pi\u00f9.<\/p>\n<p>Chi, infatti, pu\u00f2 fare affido? Che et\u00e0 bisogna avere? Possono accedervi solo le coppie sposate o anche i single? Quanto pu\u00f2 durare il periodo di affido? Quali tipologie di affido esistono? Come funziona il procedimento nel suo complesso? Tante domande a cui prover\u00e0 a dare una risposta l\u2019incontro informativo sull\u2019affido familiare organizzato da <strong>Faris \u2013 Family Relationship International School<\/strong> per <strong>gioved\u00ec 27 maggio<\/strong> dalle ore 21 alle ore 23.<\/p>\n<p>La data specifica \u00e8 aperta ai soli residenti in Lombardia, ma iniziative di questo tipo, che vogliono dare una <strong>prima generale informazione<\/strong> sull\u2019affido familiare, sono organizzate periodicamente: tenendo d\u2019occhio il <a href=\"https:\/\/www.fondazioneaibi.it\/faris\/categoria-prodotto\/webinar\/operatori-nel-sociale\/\">sito di Faris<\/a>, si possono conoscere con anticipo tutte le date che usciranno.<\/p>\n<p>Come detto, il webinar mira a <strong>far conoscere e approfondire<\/strong> il tema dell\u2019affido familiare, rivolgendosi alle famiglie, alle coppie e ai single (e in questa informazione gi\u00e0 c\u2019\u00e8 una prima risposta a una delle domande esposte sopra).<br \/>\nL\u2019incontro formativo \u00e8 condotto direttamente da <strong>una famiglia affidataria di Ai.Bi<\/strong> \u2013 Amici dei Bambini: un modo per dare pi\u00f9 direttamente una testimonianza di cosa significhi realmente vivere l\u2019affido familiare temporaneo, attraverso le parole di chi ha provato e sta provando questa esperienza cos\u00ec arricchente ma, per certi versi, anche cos\u00ec delicata.<\/p>\n<p>Tutte le informazioni relative all\u2019incontro informativo sull\u2019affido familiare del 27 maggio, a partire dalle ore 21, si possono trovare <a href=\"https:\/\/www.fondazioneaibi.it\/faris\/prodotto\/webinar-incontro-informativo-sullaffido-familiare-solo-residenti-in-lombardia\/\">QUI<\/a>, oppure scrivendo alla segreteria di FARIS all\u2019indirizzo <u><a href=\"mailto:faris@fondazioneaibi.it\">faris@fondazioneaibi.it<\/a><\/u><\/p>\n","protected":false},"excerpt":{"rendered":"<p>Faris \u2013 Family Relationship International School organizza un incontro informativo per conoscere e approfondire il tema dell\u2019affido familiare rivolto esclusivamente a famiglie , coppie e single\u00a0\u00a0 residenti\u00a0 nel territorio lombardo La parola \u201caffidare\u201d deriva dal latino fidus: fidato. Il primo significato che ne d\u00e0 la Treccani \u00e8: \u201cDare in custodia, consegnare all\u2019altrui capacit\u00e0, cura o [&hellip;]<\/p>\n","protected":false},"author":18,"featured_media":5941,"comment_status":"open","ping_status":"open","sticky":false,"template":"","format":"standard","meta":{"footnotes":""},"categories":[1],"tags":[137,138],"class_list":["post-5940","post","type-post","status-publish","format-standard","has-post-thumbnail","hentry","category-news","tag-affido","tag-webinar"],"yoast_head":"<!-- This site is optimized with the Yoast SEO plugin v26.9 - https:\/\/yoast.com\/product\/yoast-seo-wordpress\/ -->\n<title>Conoscere e comprendere l\u2019affido familiare. Un webinar Faris<\/title>\n<meta name=\"description\" content=\"Faris organizza un incontro informativo per conoscere e approfondire il tema dell\u2019affido familiare rivolto a famiglie, coppie e single\u00a0in Lombardia\" \/>\n<meta name=\"robots\" content=\"index, follow, max-snippet:-1, max-image-preview:large, max-video-preview:-1\" \/>\n<link rel=\"canonical\" href=\"https:\/\/www.fondazioneaibi.it\/faris\/conoscere-e-comprendere-laffido-familiare-webinar-il-27-maggio-per-i-soli-residenti-in-lombardia\/\" \/>\n<meta property=\"og:locale\" content=\"it_IT\" \/>\n<meta property=\"og:type\" content=\"article\" \/>\n<meta property=\"og:title\" content=\"Conoscere e comprendere l\u2019affido familiare. Un webinar Faris\" \/>\n<meta property=\"og:description\" content=\"Faris organizza un incontro informativo per conoscere e approfondire il tema dell\u2019affido familiare rivolto a famiglie, coppie e single\u00a0in Lombardia\" \/>\n<meta property=\"og:url\" content=\"https:\/\/www.fondazioneaibi.it\/faris\/conoscere-e-comprendere-laffido-familiare-webinar-il-27-maggio-per-i-soli-residenti-in-lombardia\/\" \/>\n<meta property=\"og:site_name\" content=\"Faris\" \/>\n<meta property=\"article:published_time\" content=\"2021-05-20T13:54:57+00:00\" \/>\n<meta property=\"og:image\" content=\"https:\/\/www.fondazioneaibi.it\/faris\/wp-content\/uploads\/2021\/05\/affido-familiare-Faris.jpg\" \/>\n\t<meta property=\"og:image:width\" content=\"1200\" \/>\n\t<meta property=\"og:image:height\" content=\"630\" \/>\n\t<meta property=\"og:image:type\" content=\"image\/jpeg\" \/>\n<meta name=\"author\" content=\"francescoE\" \/>\n<meta name=\"twitter:card\" content=\"summary_large_image\" \/>\n<meta name=\"twitter:label1\" content=\"Scritto da\" \/>\n\t<meta name=\"twitter:data1\" content=\"francescoE\" \/>\n\t<meta name=\"twitter:label2\" content=\"Tempo di lettura stimato\" \/>\n\t<meta name=\"twitter:data2\" content=\"2 minuti\" \/>\n<script type=\"application\/ld+json\" class=\"yoast-schema-graph\">{\"@context\":\"https:\/\/schema.org\",\"@graph\":[{\"@type\":\"Article\",\"@id\":\"https:\/\/www.fondazioneaibi.it\/faris\/conoscere-e-comprendere-laffido-familiare-webinar-il-27-maggio-per-i-soli-residenti-in-lombardia\/#article\",\"isPartOf\":{\"@id\":\"https:\/\/www.fondazioneaibi.it\/faris\/conoscere-e-comprendere-laffido-familiare-webinar-il-27-maggio-per-i-soli-residenti-in-lombardia\/\"},\"author\":{\"name\":\"francescoE\",\"@id\":\"https:\/\/www.fondazioneaibi.it\/faris\/#\/schema\/person\/ad772d30be3e6bd1b1919619ef0ecb8d\"},\"headline\":\"Conoscere e comprendere l\u2019affido familiare. Webinar il 27 maggio, per i soli residenti in Lombardia\",\"datePublished\":\"2021-05-20T13:54:57+00:00\",\"mainEntityOfPage\":{\"@id\":\"https:\/\/www.fondazioneaibi.it\/faris\/conoscere-e-comprendere-laffido-familiare-webinar-il-27-maggio-per-i-soli-residenti-in-lombardia\/\"},\"wordCount\":383,\"commentCount\":0,\"publisher\":{\"@id\":\"https:\/\/www.fondazioneaibi.it\/faris\/#organization\"},\"image\":{\"@id\":\"https:\/\/www.fondazioneaibi.it\/faris\/conoscere-e-comprendere-laffido-familiare-webinar-il-27-maggio-per-i-soli-residenti-in-lombardia\/#primaryimage\"},\"thumbnailUrl\":\"https:\/\/www.fondazioneaibi.it\/faris\/wp-content\/uploads\/2021\/05\/affido-familiare-Faris.jpg\",\"keywords\":[\"affido\",\"webinar\"],\"articleSection\":[\"News\"],\"inLanguage\":\"it-IT\",\"potentialAction\":[{\"@type\":\"CommentAction\",\"name\":\"Comment\",\"target\":[\"https:\/\/www.fondazioneaibi.it\/faris\/conoscere-e-comprendere-laffido-familiare-webinar-il-27-maggio-per-i-soli-residenti-in-lombardia\/#respond\"]}]},{\"@type\":\"WebPage\",\"@id\":\"https:\/\/www.fondazioneaibi.it\/faris\/conoscere-e-comprendere-laffido-familiare-webinar-il-27-maggio-per-i-soli-residenti-in-lombardia\/\",\"url\":\"https:\/\/www.fondazioneaibi.it\/faris\/conoscere-e-comprendere-laffido-familiare-webinar-il-27-maggio-per-i-soli-residenti-in-lombardia\/\",\"name\":\"Conoscere e comprendere l\u2019affido familiare. Un webinar Faris\",\"isPartOf\":{\"@id\":\"https:\/\/www.fondazioneaibi.it\/faris\/#website\"},\"primaryImageOfPage\":{\"@id\":\"https:\/\/www.fondazioneaibi.it\/faris\/conoscere-e-comprendere-laffido-familiare-webinar-il-27-maggio-per-i-soli-residenti-in-lombardia\/#primaryimage\"},\"image\":{\"@id\":\"https:\/\/www.fondazioneaibi.it\/faris\/conoscere-e-comprendere-laffido-familiare-webinar-il-27-maggio-per-i-soli-residenti-in-lombardia\/#primaryimage\"},\"thumbnailUrl\":\"https:\/\/www.fondazioneaibi.it\/faris\/wp-content\/uploads\/2021\/05\/affido-familiare-Faris.jpg\",\"datePublished\":\"2021-05-20T13:54:57+00:00\",\"description\":\"Faris organizza un incontro informativo per conoscere e approfondire il tema dell\u2019affido familiare rivolto a famiglie, coppie e single\u00a0in Lombardia\",\"breadcrumb\":{\"@id\":\"https:\/\/www.fondazioneaibi.it\/faris\/conoscere-e-comprendere-laffido-familiare-webinar-il-27-maggio-per-i-soli-residenti-in-lombardia\/#breadcrumb\"},\"inLanguage\":\"it-IT\",\"potentialAction\":[{\"@type\":\"ReadAction\",\"target\":[\"https:\/\/www.fondazioneaibi.it\/faris\/conoscere-e-comprendere-laffido-familiare-webinar-il-27-maggio-per-i-soli-residenti-in-lombardia\/\"]}]},{\"@type\":\"ImageObject\",\"inLanguage\":\"it-IT\",\"@id\":\"https:\/\/www.fondazioneaibi.it\/faris\/conoscere-e-comprendere-laffido-familiare-webinar-il-27-maggio-per-i-soli-residenti-in-lombardia\/#primaryimage\",\"url\":\"https:\/\/www.fondazioneaibi.it\/faris\/wp-content\/uploads\/2021\/05\/affido-familiare-Faris.jpg\",\"contentUrl\":\"https:\/\/www.fondazioneaibi.it\/faris\/wp-content\/uploads\/2021\/05\/affido-familiare-Faris.jpg\",\"width\":1200,\"height\":630},{\"@type\":\"BreadcrumbList\",\"@id\":\"https:\/\/www.fondazioneaibi.it\/faris\/conoscere-e-comprendere-laffido-familiare-webinar-il-27-maggio-per-i-soli-residenti-in-lombardia\/#breadcrumb\",\"itemListElement\":[{\"@type\":\"ListItem\",\"position\":1,\"name\":\"Home\",\"item\":\"https:\/\/www.fondazioneaibi.it\/faris\/\"},{\"@type\":\"ListItem\",\"position\":2,\"name\":\"Conoscere e comprendere l\u2019affido familiare. Webinar il 27 maggio, per i soli residenti in Lombardia\"}]},{\"@type\":\"WebSite\",\"@id\":\"https:\/\/www.fondazioneaibi.it\/faris\/#website\",\"url\":\"https:\/\/www.fondazioneaibi.it\/faris\/\",\"name\":\"Faris\",\"description\":\"Faris\",\"publisher\":{\"@id\":\"https:\/\/www.fondazioneaibi.it\/faris\/#organization\"},\"potentialAction\":[{\"@type\":\"SearchAction\",\"target\":{\"@type\":\"EntryPoint\",\"urlTemplate\":\"https:\/\/www.fondazioneaibi.it\/faris\/?s={search_term_string}\"},\"query-input\":{\"@type\":\"PropertyValueSpecification\",\"valueRequired\":true,\"valueName\":\"search_term_string\"}}],\"inLanguage\":\"it-IT\"},{\"@type\":\"Organization\",\"@id\":\"https:\/\/www.fondazioneaibi.it\/faris\/#organization\",\"name\":\"Faris\",\"url\":\"https:\/\/www.fondazioneaibi.it\/faris\/\",\"logo\":{\"@type\":\"ImageObject\",\"inLanguage\":\"it-IT\",\"@id\":\"https:\/\/www.fondazioneaibi.it\/faris\/#\/schema\/logo\/image\/\",\"url\":\"https:\/\/www.fondazioneaibi.it\/faris\/wp-content\/uploads\/2021\/03\/FARIS-LOGO-WEB-SITE-payoff-490x109.png\",\"contentUrl\":\"https:\/\/www.fondazioneaibi.it\/faris\/wp-content\/uploads\/2021\/03\/FARIS-LOGO-WEB-SITE-payoff-490x109.png\",\"width\":494,\"height\":110,\"caption\":\"Faris\"},\"image\":{\"@id\":\"https:\/\/www.fondazioneaibi.it\/faris\/#\/schema\/logo\/image\/\"}},{\"@type\":\"Person\",\"@id\":\"https:\/\/www.fondazioneaibi.it\/faris\/#\/schema\/person\/ad772d30be3e6bd1b1919619ef0ecb8d\",\"name\":\"francescoE\",\"image\":{\"@type\":\"ImageObject\",\"inLanguage\":\"it-IT\",\"@id\":\"https:\/\/www.fondazioneaibi.it\/faris\/#\/schema\/person\/image\/\",\"url\":\"https:\/\/secure.gravatar.com\/avatar\/eb25bc3259115f3cc20fd1978e06816ae94cd44934e33996da7a734be3641d43?s=96&d=mm&r=g\",\"contentUrl\":\"https:\/\/secure.gravatar.com\/avatar\/eb25bc3259115f3cc20fd1978e06816ae94cd44934e33996da7a734be3641d43?s=96&d=mm&r=g\",\"caption\":\"francescoE\"},\"url\":\"https:\/\/www.fondazioneaibi.it\/faris\/author\/francescoe\/\"}]}<\/script>\n<!-- \/ Yoast SEO plugin. -->","yoast_head_json":{"title":"Conoscere e comprendere l\u2019affido familiare. Un webinar Faris","description":"Faris organizza un incontro informativo per conoscere e approfondire il tema dell\u2019affido familiare rivolto a famiglie, coppie e single\u00a0in Lombardia","robots":{"index":"index","follow":"follow","max-snippet":"max-snippet:-1","max-image-preview":"max-image-preview:large","max-video-preview":"max-video-preview:-1"},"canonical":"https:\/\/www.fondazioneaibi.it\/faris\/conoscere-e-comprendere-laffido-familiare-webinar-il-27-maggio-per-i-soli-residenti-in-lombardia\/","og_locale":"it_IT","og_type":"article","og_title":"Conoscere e comprendere l\u2019affido familiare. Un webinar Faris","og_description":"Faris organizza un incontro informativo per conoscere e approfondire il tema dell\u2019affido familiare rivolto a famiglie, coppie e single\u00a0in Lombardia","og_url":"https:\/\/www.fondazioneaibi.it\/faris\/conoscere-e-comprendere-laffido-familiare-webinar-il-27-maggio-per-i-soli-residenti-in-lombardia\/","og_site_name":"Faris","article_published_time":"2021-05-20T13:54:57+00:00","og_image":[{"width":1200,"height":630,"url":"https:\/\/www.fondazioneaibi.it\/faris\/wp-content\/uploads\/2021\/05\/affido-familiare-Faris.jpg","type":"image\/jpeg"}],"author":"francescoE","twitter_card":"summary_large_image","twitter_misc":{"Scritto da":"francescoE","Tempo di lettura stimato":"2 minuti"},"schema":{"@context":"https:\/\/schema.org","@graph":[{"@type":"Article","@id":"https:\/\/www.fondazioneaibi.it\/faris\/conoscere-e-comprendere-laffido-familiare-webinar-il-27-maggio-per-i-soli-residenti-in-lombardia\/#article","isPartOf":{"@id":"https:\/\/www.fondazioneaibi.it\/faris\/conoscere-e-comprendere-laffido-familiare-webinar-il-27-maggio-per-i-soli-residenti-in-lombardia\/"},"author":{"name":"francescoE","@id":"https:\/\/www.fondazioneaibi.it\/faris\/#\/schema\/person\/ad772d30be3e6bd1b1919619ef0ecb8d"},"headline":"Conoscere e comprendere l\u2019affido familiare. Webinar il 27 maggio, per i soli residenti in Lombardia","datePublished":"2021-05-20T13:54:57+00:00","mainEntityOfPage":{"@id":"https:\/\/www.fondazioneaibi.it\/faris\/conoscere-e-comprendere-laffido-familiare-webinar-il-27-maggio-per-i-soli-residenti-in-lombardia\/"},"wordCount":383,"commentCount":0,"publisher":{"@id":"https:\/\/www.fondazioneaibi.it\/faris\/#organization"},"image":{"@id":"https:\/\/www.fondazioneaibi.it\/faris\/conoscere-e-comprendere-laffido-familiare-webinar-il-27-maggio-per-i-soli-residenti-in-lombardia\/#primaryimage"},"thumbnailUrl":"https:\/\/www.fondazioneaibi.it\/faris\/wp-content\/uploads\/2021\/05\/affido-familiare-Faris.jpg","keywords":["affido","webinar"],"articleSection":["News"],"inLanguage":"it-IT","potentialAction":[{"@type":"CommentAction","name":"Comment","target":["https:\/\/www.fondazioneaibi.it\/faris\/conoscere-e-comprendere-laffido-familiare-webinar-il-27-maggio-per-i-soli-residenti-in-lombardia\/#respond"]}]},{"@type":"WebPage","@id":"https:\/\/www.fondazioneaibi.it\/faris\/conoscere-e-comprendere-laffido-familiare-webinar-il-27-maggio-per-i-soli-residenti-in-lombardia\/","url":"https:\/\/www.fondazioneaibi.it\/faris\/conoscere-e-comprendere-laffido-familiare-webinar-il-27-maggio-per-i-soli-residenti-in-lombardia\/","name":"Conoscere e comprendere l\u2019affido familiare. Un webinar Faris","isPartOf":{"@id":"https:\/\/www.fondazioneaibi.it\/faris\/#website"},"primaryImageOfPage":{"@id":"https:\/\/www.fondazioneaibi.it\/faris\/conoscere-e-comprendere-laffido-familiare-webinar-il-27-maggio-per-i-soli-residenti-in-lombardia\/#primaryimage"},"image":{"@id":"https:\/\/www.fondazioneaibi.it\/faris\/conoscere-e-comprendere-laffido-familiare-webinar-il-27-maggio-per-i-soli-residenti-in-lombardia\/#primaryimage"},"thumbnailUrl":"https:\/\/www.fondazioneaibi.it\/faris\/wp-content\/uploads\/2021\/05\/affido-familiare-Faris.jpg","datePublished":"2021-05-20T13:54:57+00:00","description":"Faris organizza un incontro informativo per conoscere e approfondire il tema dell\u2019affido familiare rivolto a famiglie, coppie e single\u00a0in Lombardia","breadcrumb":{"@id":"https:\/\/www.fondazioneaibi.it\/faris\/conoscere-e-comprendere-laffido-familiare-webinar-il-27-maggio-per-i-soli-residenti-in-lombardia\/#breadcrumb"},"inLanguage":"it-IT","potentialAction":[{"@type":"ReadAction","target":["https:\/\/www.fondazioneaibi.it\/faris\/conoscere-e-comprendere-laffido-familiare-webinar-il-27-maggio-per-i-soli-residenti-in-lombardia\/"]}]},{"@type":"ImageObject","inLanguage":"it-IT","@id":"https:\/\/www.fondazioneaibi.it\/faris\/conoscere-e-comprendere-laffido-familiare-webinar-il-27-maggio-per-i-soli-residenti-in-lombardia\/#primaryimage","url":"https:\/\/www.fondazioneaibi.it\/faris\/wp-content\/uploads\/2021\/05\/affido-familiare-Faris.jpg","contentUrl":"https:\/\/www.fondazioneaibi.it\/faris\/wp-content\/uploads\/2021\/05\/affido-familiare-Faris.jpg","width":1200,"height":630},{"@type":"BreadcrumbList","@id":"https:\/\/www.fondazioneaibi.it\/faris\/conoscere-e-comprendere-laffido-familiare-webinar-il-27-maggio-per-i-soli-residenti-in-lombardia\/#breadcrumb","itemListElement":[{"@type":"ListItem","position":1,"name":"Home","item":"https:\/\/www.fondazioneaibi.it\/faris\/"},{"@type":"ListItem","position":2,"name":"Conoscere e comprendere l\u2019affido familiare. Webinar il 27 maggio, per i soli residenti in Lombardia"}]},{"@type":"WebSite","@id":"https:\/\/www.fondazioneaibi.it\/faris\/#website","url":"https:\/\/www.fondazioneaibi.it\/faris\/","name":"Faris","description":"Faris","publisher":{"@id":"https:\/\/www.fondazioneaibi.it\/faris\/#organization"},"potentialAction":[{"@type":"SearchAction","target":{"@type":"EntryPoint","urlTemplate":"https:\/\/www.fondazioneaibi.it\/faris\/?s={search_term_string}"},"query-input":{"@type":"PropertyValueSpecification","valueRequired":true,"valueName":"search_term_string"}}],"inLanguage":"it-IT"},{"@type":"Organization","@id":"https:\/\/www.fondazioneaibi.it\/faris\/#organization","name":"Faris","url":"https:\/\/www.fondazioneaibi.it\/faris\/","logo":{"@type":"ImageObject","inLanguage":"it-IT","@id":"https:\/\/www.fondazioneaibi.it\/faris\/#\/schema\/logo\/image\/","url":"https:\/\/www.fondazioneaibi.it\/faris\/wp-content\/uploads\/2021\/03\/FARIS-LOGO-WEB-SITE-payoff-490x109.png","contentUrl":"https:\/\/www.fondazioneaibi.it\/faris\/wp-content\/uploads\/2021\/03\/FARIS-LOGO-WEB-SITE-payoff-490x109.png","width":494,"height":110,"caption":"Faris"},"image":{"@id":"https:\/\/www.fondazioneaibi.it\/faris\/#\/schema\/logo\/image\/"}},{"@type":"Person","@id":"https:\/\/www.fondazioneaibi.it\/faris\/#\/schema\/person\/ad772d30be3e6bd1b1919619ef0ecb8d","name":"francescoE","image":{"@type":"ImageObject","inLanguage":"it-IT","@id":"https:\/\/www.fondazioneaibi.it\/faris\/#\/schema\/person\/image\/","url":"https:\/\/secure.gravatar.com\/avatar\/eb25bc3259115f3cc20fd1978e06816ae94cd44934e33996da7a734be3641d43?s=96&d=mm&r=g","contentUrl":"https:\/\/secure.gravatar.com\/avatar\/eb25bc3259115f3cc20fd1978e06816ae94cd44934e33996da7a734be3641d43?s=96&d=mm&r=g","caption":"francescoE"},"url":"https:\/\/www.fondazioneaibi.it\/faris\/author\/francescoe\/"}]}},"_links":{"self":[{"href":"https:\/\/www.fondazioneaibi.it\/faris\/wp-json\/wp\/v2\/posts\/5940","targetHints":{"allow":["GET"]}}],"collection":[{"href":"https:\/\/www.fondazioneaibi.it\/faris\/wp-json\/wp\/v2\/posts"}],"about":[{"href":"https:\/\/www.fondazioneaibi.it\/faris\/wp-json\/wp\/v2\/types\/post"}],"author":[{"embeddable":true,"href":"https:\/\/www.fondazioneaibi.it\/faris\/wp-json\/wp\/v2\/users\/18"}],"replies":[{"embeddable":true,"href":"https:\/\/www.fondazioneaibi.it\/faris\/wp-json\/wp\/v2\/comments?post=5940"}],"version-history":[{"count":1,"href":"https:\/\/www.fondazioneaibi.it\/faris\/wp-json\/wp\/v2\/posts\/5940\/revisions"}],"predecessor-version":[{"id":5942,"href":"https:\/\/www.fondazioneaibi.it\/faris\/wp-json\/wp\/v2\/posts\/5940\/revisions\/5942"}],"wp:featuredmedia":[{"embeddable":true,"href":"https:\/\/www.fondazioneaibi.it\/faris\/wp-json\/wp\/v2\/media\/5941"}],"wp:attachment":[{"href":"https:\/\/www.fondazioneaibi.it\/faris\/wp-json\/wp\/v2\/media?parent=5940"}],"wp:term":[{"taxonomy":"category","embeddable":true,"href":"https:\/\/www.fondazioneaibi.it\/faris\/wp-json\/wp\/v2\/categories?post=5940"},{"taxonomy":"post_tag","embeddable":true,"href":"https:\/\/www.fondazioneaibi.it\/faris\/wp-json\/wp\/v2\/tags?post=5940"}],"curies":[{"name":"wp","href":"https:\/\/api.w.org\/{rel}","templated":true}]}}