{"id":5913,"date":"2021-05-14T17:08:08","date_gmt":"2021-05-14T15:08:08","guid":{"rendered":"https:\/\/www.fondazioneaibi.it\/faris\/?p=5913"},"modified":"2021-05-14T17:08:08","modified_gmt":"2021-05-14T15:08:08","slug":"gioventu-violenta-non-e-il-titolo-di-un-film-ma-la-situazione-di-tanti-ragazzi-oggi-come-faris-puo-aiutare-i-genitori","status":"publish","type":"post","link":"https:\/\/www.fondazioneaibi.it\/faris\/gioventu-violenta-non-e-il-titolo-di-un-film-ma-la-situazione-di-tanti-ragazzi-oggi-come-faris-puo-aiutare-i-genitori\/","title":{"rendered":"Giovent\u00f9 violenta. Non \u00e8 il titolo di un film, ma la situazione di tanti ragazzi, oggi. Come FARIS pu\u00f2 aiutare i genitori?"},"content":{"rendered":"<h2><strong>Mancanza di valori, difficolt\u00e0 delle famiglie e della scuola a educare, continua esposizione a messaggi tra realt\u00e0 e finzione. Tutti problemi che portano i ragazzi a eccessi di violenza, da capire per provare ad aiutare<\/strong><\/h2>\n<p>Famiglie apparentemente tranquille, educazioni \u201cnormali\u201d, nessun segno evidente di mancanze particolari\u2026 Eppure, all\u2019improvviso, ecco scatenarsi un <strong>episodio di violenza<\/strong> inaudito, efferato, che a volte arriva anche all\u2019omicidio dei genitori o delle persone pi\u00f9 vicine.<\/p>\n<h3><strong>Violenza e mancanza di valori: mix distruttivo per i giovani di oggi<\/strong><\/h3>\n<p>\u00c8 quanto raccontano alcuni recenti <strong>fatti di cronaca<\/strong>, che vedono protagonisti ragazzi adolescenti o poco di pi\u00f9, vittime di un dramma invisibile che li trasforma in carnefici. Non si tratta di un fenomeno semplice da indagare, ma che da pi\u00f9 esperti viene ricondotto all\u2019<strong>eccesso di uso delle nuove tecnologie<\/strong> e a una pi\u00f9 generale <strong>mancanza di valori<\/strong>. I ragazzi sono iperconnessi e continuamente esposti, cos\u00ec, a stimoli sempre al limite tra fantasia e realt\u00e0, in cui la <strong>violenza<\/strong> ha molto spesso un ruolo da protagonista.<\/p>\n<p>Di contro, pur senza generalizzare, il <strong>ruolo della famiglia e della scuola<\/strong> si fa sempre pi\u00f9 inconsistente, come se la societ\u00e0 non avesse pi\u00f9 la forza di preservare i propri ragazzi e, tutta assieme, coalizzarsi per proteggerli, ma li lasciasse esposti al peggio.<br \/>\n\u201cC\u2019\u00e8 una societ\u00e0 del benessere \u2013 analizza il giornale <em>la Discussione<\/em> in un suo articolo \u2013 che si scopre povera di valori\u2026 I ragazzi vivono in un <strong>continuo assedio delle molteplici proposte<\/strong> di aree di devianza su territori pericolosi come l\u2019aggressivit\u00e0, l\u2019abbandono degli studi\u2026 per aggrapparsi ad alcol, droga, il tutto in un universo di violenza\u201d.<br \/>\nD\u2019altra parte, i numeri della crescita di giovani con <strong>disagi psicologici<\/strong> certificano questa situazione, dalla quale sar\u00e0 impossibile uscire se non <strong>partendo dalla famiglia<\/strong>, individuandola come luogo imprescindibile di impegno. Un ruolo che, insieme a quello fondamentale della <strong>scuola<\/strong>, va riaffermato con vigore da tutta la societ\u00e0: bisogna capire che il contesto \u00e8 cambiato e che \u00e8 necessario l\u2019<strong>impegno di tutti<\/strong> per aiutare le famiglie e i genitori in un ruolo diventato sempre pi\u00f9 difficile.<\/p>\n<p>Ecco, dunque, che anche le proposte di <strong>Faris \u2013 Family Relationship International School<\/strong> si possono inserire in quest\u2019ottica, con una <a href=\"https:\/\/www.fondazioneaibi.it\/faris\/categoria-prodotto\/webinar\/operatori-nel-sociale\/\">serie di <strong>webinar<\/strong><\/a> pensati proprio per approfondire i problemi e le dinamiche che riguardano i ragazzi, e un servizio di <a href=\"https:\/\/www.fondazioneaibi.it\/faris\/consulenze\/\">consulenza<\/a> a cui chiunque pu\u00f2 rivolgersi per trovare un aiuto e l\u2019indicazione, eventualmente, di un <strong>percorso di formazione<\/strong> specifico e mirato.<\/p>\n","protected":false},"excerpt":{"rendered":"<p>Mancanza di valori, difficolt\u00e0 delle famiglie e della scuola a educare, continua esposizione a messaggi tra realt\u00e0 e finzione. Tutti problemi che portano i ragazzi a eccessi di violenza, da capire per provare ad aiutare Famiglie apparentemente tranquille, educazioni \u201cnormali\u201d, nessun segno evidente di mancanze particolari\u2026 Eppure, all\u2019improvviso, ecco scatenarsi un episodio di violenza inaudito, [&hellip;]<\/p>\n","protected":false},"author":18,"featured_media":5914,"comment_status":"open","ping_status":"open","sticky":false,"template":"","format":"standard","meta":{"footnotes":""},"categories":[1],"tags":[133,157,141],"class_list":["post-5913","post","type-post","status-publish","format-standard","has-post-thumbnail","hentry","category-news","tag-adolescenti","tag-figli","tag-genitori"],"yoast_head":"<!-- This site is optimized with the Yoast SEO plugin v26.9 - https:\/\/yoast.com\/product\/yoast-seo-wordpress\/ -->\n<title>Giovent\u00f9 violenta. Come FARIS pu\u00f2 aiutare i genitori?<\/title>\n<meta name=\"description\" content=\"Mancanza di valori, difficolt\u00e0 a educare, esposizione a messaggi tra realt\u00e0 e finzione. Problemi che portano i ragazzi a eccessi di violenza, da capire\" \/>\n<meta name=\"robots\" content=\"index, follow, max-snippet:-1, max-image-preview:large, max-video-preview:-1\" \/>\n<link rel=\"canonical\" href=\"https:\/\/www.fondazioneaibi.it\/faris\/gioventu-violenta-non-e-il-titolo-di-un-film-ma-la-situazione-di-tanti-ragazzi-oggi-come-faris-puo-aiutare-i-genitori\/\" \/>\n<meta property=\"og:locale\" content=\"it_IT\" \/>\n<meta property=\"og:type\" content=\"article\" \/>\n<meta property=\"og:title\" content=\"Giovent\u00f9 violenta. Come FARIS pu\u00f2 aiutare i genitori?\" \/>\n<meta property=\"og:description\" content=\"Mancanza di valori, difficolt\u00e0 a educare, esposizione a messaggi tra realt\u00e0 e finzione. Problemi che portano i ragazzi a eccessi di violenza, da capire\" \/>\n<meta property=\"og:url\" content=\"https:\/\/www.fondazioneaibi.it\/faris\/gioventu-violenta-non-e-il-titolo-di-un-film-ma-la-situazione-di-tanti-ragazzi-oggi-come-faris-puo-aiutare-i-genitori\/\" \/>\n<meta property=\"og:site_name\" content=\"Faris\" \/>\n<meta property=\"article:published_time\" content=\"2021-05-14T15:08:08+00:00\" \/>\n<meta property=\"og:image\" content=\"https:\/\/www.fondazioneaibi.it\/faris\/wp-content\/uploads\/2021\/05\/faris_gioventu_violenza.jpg\" \/>\n\t<meta property=\"og:image:width\" content=\"1200\" \/>\n\t<meta property=\"og:image:height\" content=\"630\" \/>\n\t<meta property=\"og:image:type\" content=\"image\/jpeg\" \/>\n<meta name=\"author\" content=\"francescoE\" \/>\n<meta name=\"twitter:card\" content=\"summary_large_image\" \/>\n<meta name=\"twitter:label1\" content=\"Scritto da\" \/>\n\t<meta name=\"twitter:data1\" content=\"francescoE\" \/>\n\t<meta name=\"twitter:label2\" content=\"Tempo di lettura stimato\" \/>\n\t<meta name=\"twitter:data2\" content=\"2 minuti\" \/>\n<script type=\"application\/ld+json\" class=\"yoast-schema-graph\">{\"@context\":\"https:\/\/schema.org\",\"@graph\":[{\"@type\":\"Article\",\"@id\":\"https:\/\/www.fondazioneaibi.it\/faris\/gioventu-violenta-non-e-il-titolo-di-un-film-ma-la-situazione-di-tanti-ragazzi-oggi-come-faris-puo-aiutare-i-genitori\/#article\",\"isPartOf\":{\"@id\":\"https:\/\/www.fondazioneaibi.it\/faris\/gioventu-violenta-non-e-il-titolo-di-un-film-ma-la-situazione-di-tanti-ragazzi-oggi-come-faris-puo-aiutare-i-genitori\/\"},\"author\":{\"name\":\"francescoE\",\"@id\":\"https:\/\/www.fondazioneaibi.it\/faris\/#\/schema\/person\/ad772d30be3e6bd1b1919619ef0ecb8d\"},\"headline\":\"Giovent\u00f9 violenta. Non \u00e8 il titolo di un film, ma la situazione di tanti ragazzi, oggi. Come FARIS pu\u00f2 aiutare i genitori?\",\"datePublished\":\"2021-05-14T15:08:08+00:00\",\"mainEntityOfPage\":{\"@id\":\"https:\/\/www.fondazioneaibi.it\/faris\/gioventu-violenta-non-e-il-titolo-di-un-film-ma-la-situazione-di-tanti-ragazzi-oggi-come-faris-puo-aiutare-i-genitori\/\"},\"wordCount\":425,\"commentCount\":0,\"publisher\":{\"@id\":\"https:\/\/www.fondazioneaibi.it\/faris\/#organization\"},\"image\":{\"@id\":\"https:\/\/www.fondazioneaibi.it\/faris\/gioventu-violenta-non-e-il-titolo-di-un-film-ma-la-situazione-di-tanti-ragazzi-oggi-come-faris-puo-aiutare-i-genitori\/#primaryimage\"},\"thumbnailUrl\":\"https:\/\/www.fondazioneaibi.it\/faris\/wp-content\/uploads\/2021\/05\/faris_gioventu_violenza.jpg\",\"keywords\":[\"adolescenti\",\"figli\",\"genitori\"],\"articleSection\":[\"News\"],\"inLanguage\":\"it-IT\",\"potentialAction\":[{\"@type\":\"CommentAction\",\"name\":\"Comment\",\"target\":[\"https:\/\/www.fondazioneaibi.it\/faris\/gioventu-violenta-non-e-il-titolo-di-un-film-ma-la-situazione-di-tanti-ragazzi-oggi-come-faris-puo-aiutare-i-genitori\/#respond\"]}]},{\"@type\":\"WebPage\",\"@id\":\"https:\/\/www.fondazioneaibi.it\/faris\/gioventu-violenta-non-e-il-titolo-di-un-film-ma-la-situazione-di-tanti-ragazzi-oggi-come-faris-puo-aiutare-i-genitori\/\",\"url\":\"https:\/\/www.fondazioneaibi.it\/faris\/gioventu-violenta-non-e-il-titolo-di-un-film-ma-la-situazione-di-tanti-ragazzi-oggi-come-faris-puo-aiutare-i-genitori\/\",\"name\":\"Giovent\u00f9 violenta. Come FARIS pu\u00f2 aiutare i genitori?\",\"isPartOf\":{\"@id\":\"https:\/\/www.fondazioneaibi.it\/faris\/#website\"},\"primaryImageOfPage\":{\"@id\":\"https:\/\/www.fondazioneaibi.it\/faris\/gioventu-violenta-non-e-il-titolo-di-un-film-ma-la-situazione-di-tanti-ragazzi-oggi-come-faris-puo-aiutare-i-genitori\/#primaryimage\"},\"image\":{\"@id\":\"https:\/\/www.fondazioneaibi.it\/faris\/gioventu-violenta-non-e-il-titolo-di-un-film-ma-la-situazione-di-tanti-ragazzi-oggi-come-faris-puo-aiutare-i-genitori\/#primaryimage\"},\"thumbnailUrl\":\"https:\/\/www.fondazioneaibi.it\/faris\/wp-content\/uploads\/2021\/05\/faris_gioventu_violenza.jpg\",\"datePublished\":\"2021-05-14T15:08:08+00:00\",\"description\":\"Mancanza di valori, difficolt\u00e0 a educare, esposizione a messaggi tra realt\u00e0 e finzione. Problemi che portano i ragazzi a eccessi di violenza, da capire\",\"breadcrumb\":{\"@id\":\"https:\/\/www.fondazioneaibi.it\/faris\/gioventu-violenta-non-e-il-titolo-di-un-film-ma-la-situazione-di-tanti-ragazzi-oggi-come-faris-puo-aiutare-i-genitori\/#breadcrumb\"},\"inLanguage\":\"it-IT\",\"potentialAction\":[{\"@type\":\"ReadAction\",\"target\":[\"https:\/\/www.fondazioneaibi.it\/faris\/gioventu-violenta-non-e-il-titolo-di-un-film-ma-la-situazione-di-tanti-ragazzi-oggi-come-faris-puo-aiutare-i-genitori\/\"]}]},{\"@type\":\"ImageObject\",\"inLanguage\":\"it-IT\",\"@id\":\"https:\/\/www.fondazioneaibi.it\/faris\/gioventu-violenta-non-e-il-titolo-di-un-film-ma-la-situazione-di-tanti-ragazzi-oggi-come-faris-puo-aiutare-i-genitori\/#primaryimage\",\"url\":\"https:\/\/www.fondazioneaibi.it\/faris\/wp-content\/uploads\/2021\/05\/faris_gioventu_violenza.jpg\",\"contentUrl\":\"https:\/\/www.fondazioneaibi.it\/faris\/wp-content\/uploads\/2021\/05\/faris_gioventu_violenza.jpg\",\"width\":1200,\"height\":630},{\"@type\":\"BreadcrumbList\",\"@id\":\"https:\/\/www.fondazioneaibi.it\/faris\/gioventu-violenta-non-e-il-titolo-di-un-film-ma-la-situazione-di-tanti-ragazzi-oggi-come-faris-puo-aiutare-i-genitori\/#breadcrumb\",\"itemListElement\":[{\"@type\":\"ListItem\",\"position\":1,\"name\":\"Home\",\"item\":\"https:\/\/www.fondazioneaibi.it\/faris\/\"},{\"@type\":\"ListItem\",\"position\":2,\"name\":\"Giovent\u00f9 violenta. Non \u00e8 il titolo di un film, ma la situazione di tanti ragazzi, oggi. Come FARIS pu\u00f2 aiutare i genitori?\"}]},{\"@type\":\"WebSite\",\"@id\":\"https:\/\/www.fondazioneaibi.it\/faris\/#website\",\"url\":\"https:\/\/www.fondazioneaibi.it\/faris\/\",\"name\":\"Faris\",\"description\":\"Faris\",\"publisher\":{\"@id\":\"https:\/\/www.fondazioneaibi.it\/faris\/#organization\"},\"potentialAction\":[{\"@type\":\"SearchAction\",\"target\":{\"@type\":\"EntryPoint\",\"urlTemplate\":\"https:\/\/www.fondazioneaibi.it\/faris\/?s={search_term_string}\"},\"query-input\":{\"@type\":\"PropertyValueSpecification\",\"valueRequired\":true,\"valueName\":\"search_term_string\"}}],\"inLanguage\":\"it-IT\"},{\"@type\":\"Organization\",\"@id\":\"https:\/\/www.fondazioneaibi.it\/faris\/#organization\",\"name\":\"Faris\",\"url\":\"https:\/\/www.fondazioneaibi.it\/faris\/\",\"logo\":{\"@type\":\"ImageObject\",\"inLanguage\":\"it-IT\",\"@id\":\"https:\/\/www.fondazioneaibi.it\/faris\/#\/schema\/logo\/image\/\",\"url\":\"https:\/\/www.fondazioneaibi.it\/faris\/wp-content\/uploads\/2021\/03\/FARIS-LOGO-WEB-SITE-payoff-490x109.png\",\"contentUrl\":\"https:\/\/www.fondazioneaibi.it\/faris\/wp-content\/uploads\/2021\/03\/FARIS-LOGO-WEB-SITE-payoff-490x109.png\",\"width\":494,\"height\":110,\"caption\":\"Faris\"},\"image\":{\"@id\":\"https:\/\/www.fondazioneaibi.it\/faris\/#\/schema\/logo\/image\/\"}},{\"@type\":\"Person\",\"@id\":\"https:\/\/www.fondazioneaibi.it\/faris\/#\/schema\/person\/ad772d30be3e6bd1b1919619ef0ecb8d\",\"name\":\"francescoE\",\"image\":{\"@type\":\"ImageObject\",\"inLanguage\":\"it-IT\",\"@id\":\"https:\/\/www.fondazioneaibi.it\/faris\/#\/schema\/person\/image\/\",\"url\":\"https:\/\/secure.gravatar.com\/avatar\/eb25bc3259115f3cc20fd1978e06816ae94cd44934e33996da7a734be3641d43?s=96&d=mm&r=g\",\"contentUrl\":\"https:\/\/secure.gravatar.com\/avatar\/eb25bc3259115f3cc20fd1978e06816ae94cd44934e33996da7a734be3641d43?s=96&d=mm&r=g\",\"caption\":\"francescoE\"},\"url\":\"https:\/\/www.fondazioneaibi.it\/faris\/author\/francescoe\/\"}]}<\/script>\n<!-- \/ Yoast SEO plugin. -->","yoast_head_json":{"title":"Giovent\u00f9 violenta. Come FARIS pu\u00f2 aiutare i genitori?","description":"Mancanza di valori, difficolt\u00e0 a educare, esposizione a messaggi tra realt\u00e0 e finzione. Problemi che portano i ragazzi a eccessi di violenza, da capire","robots":{"index":"index","follow":"follow","max-snippet":"max-snippet:-1","max-image-preview":"max-image-preview:large","max-video-preview":"max-video-preview:-1"},"canonical":"https:\/\/www.fondazioneaibi.it\/faris\/gioventu-violenta-non-e-il-titolo-di-un-film-ma-la-situazione-di-tanti-ragazzi-oggi-come-faris-puo-aiutare-i-genitori\/","og_locale":"it_IT","og_type":"article","og_title":"Giovent\u00f9 violenta. Come FARIS pu\u00f2 aiutare i genitori?","og_description":"Mancanza di valori, difficolt\u00e0 a educare, esposizione a messaggi tra realt\u00e0 e finzione. Problemi che portano i ragazzi a eccessi di violenza, da capire","og_url":"https:\/\/www.fondazioneaibi.it\/faris\/gioventu-violenta-non-e-il-titolo-di-un-film-ma-la-situazione-di-tanti-ragazzi-oggi-come-faris-puo-aiutare-i-genitori\/","og_site_name":"Faris","article_published_time":"2021-05-14T15:08:08+00:00","og_image":[{"width":1200,"height":630,"url":"https:\/\/www.fondazioneaibi.it\/faris\/wp-content\/uploads\/2021\/05\/faris_gioventu_violenza.jpg","type":"image\/jpeg"}],"author":"francescoE","twitter_card":"summary_large_image","twitter_misc":{"Scritto da":"francescoE","Tempo di lettura stimato":"2 minuti"},"schema":{"@context":"https:\/\/schema.org","@graph":[{"@type":"Article","@id":"https:\/\/www.fondazioneaibi.it\/faris\/gioventu-violenta-non-e-il-titolo-di-un-film-ma-la-situazione-di-tanti-ragazzi-oggi-come-faris-puo-aiutare-i-genitori\/#article","isPartOf":{"@id":"https:\/\/www.fondazioneaibi.it\/faris\/gioventu-violenta-non-e-il-titolo-di-un-film-ma-la-situazione-di-tanti-ragazzi-oggi-come-faris-puo-aiutare-i-genitori\/"},"author":{"name":"francescoE","@id":"https:\/\/www.fondazioneaibi.it\/faris\/#\/schema\/person\/ad772d30be3e6bd1b1919619ef0ecb8d"},"headline":"Giovent\u00f9 violenta. Non \u00e8 il titolo di un film, ma la situazione di tanti ragazzi, oggi. Come FARIS pu\u00f2 aiutare i genitori?","datePublished":"2021-05-14T15:08:08+00:00","mainEntityOfPage":{"@id":"https:\/\/www.fondazioneaibi.it\/faris\/gioventu-violenta-non-e-il-titolo-di-un-film-ma-la-situazione-di-tanti-ragazzi-oggi-come-faris-puo-aiutare-i-genitori\/"},"wordCount":425,"commentCount":0,"publisher":{"@id":"https:\/\/www.fondazioneaibi.it\/faris\/#organization"},"image":{"@id":"https:\/\/www.fondazioneaibi.it\/faris\/gioventu-violenta-non-e-il-titolo-di-un-film-ma-la-situazione-di-tanti-ragazzi-oggi-come-faris-puo-aiutare-i-genitori\/#primaryimage"},"thumbnailUrl":"https:\/\/www.fondazioneaibi.it\/faris\/wp-content\/uploads\/2021\/05\/faris_gioventu_violenza.jpg","keywords":["adolescenti","figli","genitori"],"articleSection":["News"],"inLanguage":"it-IT","potentialAction":[{"@type":"CommentAction","name":"Comment","target":["https:\/\/www.fondazioneaibi.it\/faris\/gioventu-violenta-non-e-il-titolo-di-un-film-ma-la-situazione-di-tanti-ragazzi-oggi-come-faris-puo-aiutare-i-genitori\/#respond"]}]},{"@type":"WebPage","@id":"https:\/\/www.fondazioneaibi.it\/faris\/gioventu-violenta-non-e-il-titolo-di-un-film-ma-la-situazione-di-tanti-ragazzi-oggi-come-faris-puo-aiutare-i-genitori\/","url":"https:\/\/www.fondazioneaibi.it\/faris\/gioventu-violenta-non-e-il-titolo-di-un-film-ma-la-situazione-di-tanti-ragazzi-oggi-come-faris-puo-aiutare-i-genitori\/","name":"Giovent\u00f9 violenta. Come FARIS pu\u00f2 aiutare i genitori?","isPartOf":{"@id":"https:\/\/www.fondazioneaibi.it\/faris\/#website"},"primaryImageOfPage":{"@id":"https:\/\/www.fondazioneaibi.it\/faris\/gioventu-violenta-non-e-il-titolo-di-un-film-ma-la-situazione-di-tanti-ragazzi-oggi-come-faris-puo-aiutare-i-genitori\/#primaryimage"},"image":{"@id":"https:\/\/www.fondazioneaibi.it\/faris\/gioventu-violenta-non-e-il-titolo-di-un-film-ma-la-situazione-di-tanti-ragazzi-oggi-come-faris-puo-aiutare-i-genitori\/#primaryimage"},"thumbnailUrl":"https:\/\/www.fondazioneaibi.it\/faris\/wp-content\/uploads\/2021\/05\/faris_gioventu_violenza.jpg","datePublished":"2021-05-14T15:08:08+00:00","description":"Mancanza di valori, difficolt\u00e0 a educare, esposizione a messaggi tra realt\u00e0 e finzione. Problemi che portano i ragazzi a eccessi di violenza, da capire","breadcrumb":{"@id":"https:\/\/www.fondazioneaibi.it\/faris\/gioventu-violenta-non-e-il-titolo-di-un-film-ma-la-situazione-di-tanti-ragazzi-oggi-come-faris-puo-aiutare-i-genitori\/#breadcrumb"},"inLanguage":"it-IT","potentialAction":[{"@type":"ReadAction","target":["https:\/\/www.fondazioneaibi.it\/faris\/gioventu-violenta-non-e-il-titolo-di-un-film-ma-la-situazione-di-tanti-ragazzi-oggi-come-faris-puo-aiutare-i-genitori\/"]}]},{"@type":"ImageObject","inLanguage":"it-IT","@id":"https:\/\/www.fondazioneaibi.it\/faris\/gioventu-violenta-non-e-il-titolo-di-un-film-ma-la-situazione-di-tanti-ragazzi-oggi-come-faris-puo-aiutare-i-genitori\/#primaryimage","url":"https:\/\/www.fondazioneaibi.it\/faris\/wp-content\/uploads\/2021\/05\/faris_gioventu_violenza.jpg","contentUrl":"https:\/\/www.fondazioneaibi.it\/faris\/wp-content\/uploads\/2021\/05\/faris_gioventu_violenza.jpg","width":1200,"height":630},{"@type":"BreadcrumbList","@id":"https:\/\/www.fondazioneaibi.it\/faris\/gioventu-violenta-non-e-il-titolo-di-un-film-ma-la-situazione-di-tanti-ragazzi-oggi-come-faris-puo-aiutare-i-genitori\/#breadcrumb","itemListElement":[{"@type":"ListItem","position":1,"name":"Home","item":"https:\/\/www.fondazioneaibi.it\/faris\/"},{"@type":"ListItem","position":2,"name":"Giovent\u00f9 violenta. Non \u00e8 il titolo di un film, ma la situazione di tanti ragazzi, oggi. Come FARIS pu\u00f2 aiutare i genitori?"}]},{"@type":"WebSite","@id":"https:\/\/www.fondazioneaibi.it\/faris\/#website","url":"https:\/\/www.fondazioneaibi.it\/faris\/","name":"Faris","description":"Faris","publisher":{"@id":"https:\/\/www.fondazioneaibi.it\/faris\/#organization"},"potentialAction":[{"@type":"SearchAction","target":{"@type":"EntryPoint","urlTemplate":"https:\/\/www.fondazioneaibi.it\/faris\/?s={search_term_string}"},"query-input":{"@type":"PropertyValueSpecification","valueRequired":true,"valueName":"search_term_string"}}],"inLanguage":"it-IT"},{"@type":"Organization","@id":"https:\/\/www.fondazioneaibi.it\/faris\/#organization","name":"Faris","url":"https:\/\/www.fondazioneaibi.it\/faris\/","logo":{"@type":"ImageObject","inLanguage":"it-IT","@id":"https:\/\/www.fondazioneaibi.it\/faris\/#\/schema\/logo\/image\/","url":"https:\/\/www.fondazioneaibi.it\/faris\/wp-content\/uploads\/2021\/03\/FARIS-LOGO-WEB-SITE-payoff-490x109.png","contentUrl":"https:\/\/www.fondazioneaibi.it\/faris\/wp-content\/uploads\/2021\/03\/FARIS-LOGO-WEB-SITE-payoff-490x109.png","width":494,"height":110,"caption":"Faris"},"image":{"@id":"https:\/\/www.fondazioneaibi.it\/faris\/#\/schema\/logo\/image\/"}},{"@type":"Person","@id":"https:\/\/www.fondazioneaibi.it\/faris\/#\/schema\/person\/ad772d30be3e6bd1b1919619ef0ecb8d","name":"francescoE","image":{"@type":"ImageObject","inLanguage":"it-IT","@id":"https:\/\/www.fondazioneaibi.it\/faris\/#\/schema\/person\/image\/","url":"https:\/\/secure.gravatar.com\/avatar\/eb25bc3259115f3cc20fd1978e06816ae94cd44934e33996da7a734be3641d43?s=96&d=mm&r=g","contentUrl":"https:\/\/secure.gravatar.com\/avatar\/eb25bc3259115f3cc20fd1978e06816ae94cd44934e33996da7a734be3641d43?s=96&d=mm&r=g","caption":"francescoE"},"url":"https:\/\/www.fondazioneaibi.it\/faris\/author\/francescoe\/"}]}},"_links":{"self":[{"href":"https:\/\/www.fondazioneaibi.it\/faris\/wp-json\/wp\/v2\/posts\/5913","targetHints":{"allow":["GET"]}}],"collection":[{"href":"https:\/\/www.fondazioneaibi.it\/faris\/wp-json\/wp\/v2\/posts"}],"about":[{"href":"https:\/\/www.fondazioneaibi.it\/faris\/wp-json\/wp\/v2\/types\/post"}],"author":[{"embeddable":true,"href":"https:\/\/www.fondazioneaibi.it\/faris\/wp-json\/wp\/v2\/users\/18"}],"replies":[{"embeddable":true,"href":"https:\/\/www.fondazioneaibi.it\/faris\/wp-json\/wp\/v2\/comments?post=5913"}],"version-history":[{"count":1,"href":"https:\/\/www.fondazioneaibi.it\/faris\/wp-json\/wp\/v2\/posts\/5913\/revisions"}],"predecessor-version":[{"id":5915,"href":"https:\/\/www.fondazioneaibi.it\/faris\/wp-json\/wp\/v2\/posts\/5913\/revisions\/5915"}],"wp:featuredmedia":[{"embeddable":true,"href":"https:\/\/www.fondazioneaibi.it\/faris\/wp-json\/wp\/v2\/media\/5914"}],"wp:attachment":[{"href":"https:\/\/www.fondazioneaibi.it\/faris\/wp-json\/wp\/v2\/media?parent=5913"}],"wp:term":[{"taxonomy":"category","embeddable":true,"href":"https:\/\/www.fondazioneaibi.it\/faris\/wp-json\/wp\/v2\/categories?post=5913"},{"taxonomy":"post_tag","embeddable":true,"href":"https:\/\/www.fondazioneaibi.it\/faris\/wp-json\/wp\/v2\/tags?post=5913"}],"curies":[{"name":"wp","href":"https:\/\/api.w.org\/{rel}","templated":true}]}}