{"id":5778,"date":"2021-04-22T17:13:19","date_gmt":"2021-04-22T15:13:19","guid":{"rendered":"https:\/\/www.fondazioneaibi.it\/faris\/?p=5778"},"modified":"2021-04-22T17:13:21","modified_gmt":"2021-04-22T15:13:21","slug":"la-ricchezza-delladozione-e-della-ricerca-delle-proprie-origini","status":"publish","type":"post","link":"https:\/\/www.fondazioneaibi.it\/faris\/la-ricchezza-delladozione-e-della-ricerca-delle-proprie-origini\/","title":{"rendered":"La ricchezza dell\u2019adozione e della ricerca delle proprie origini"},"content":{"rendered":"<h2><strong>Riscontri positivi e tantissimi spunti di riflessione sono emersi dal webinar \u201cSulle orme della mia adozione\u201d, andato in onda, via Zoom a una &#8220;platea&#8221; di oltre 600 persone<\/strong><\/h2>\n<p><strong>&nbsp;<\/strong>Ottimo riscontro per il webinar <strong><em>Sulle Orme della mia adozione<\/em><\/strong> organizzato da <strong>Ai.Bi<\/strong>., in collaborazione con <strong>Faris<\/strong> (Family Relationship International School), tenutosi mercoled\u00ec 21 aprile, in diretta Zoom.<br \/>\nIl picco raggiunto \u00e8 stato di 198 utenti collegati, con un potenziale di <strong>620 \u2013 630 spettatori<\/strong> (al momento dell\u2019iscrizione ognuno poteva dichiarare se avrebbe visto l\u2019evento insieme ad altri) tra figli, genitori, ma anche operatori, professionisti del settore e istituzioni di tribunali di servizi sul territorio.<br \/>\nNonostante il mezzo online sia pi\u00f9 \u201casettico\u201d per definizione, la <strong>partecipazione<\/strong> \u00e8 stata <strong>molto calorosa e sentita<\/strong>, come dimostrano le tantissime domande arrivate in chat, ad alcune delle quali \u00e8 stata data risposta in diretta. Tutti, comunque, riceveranno nei prossimi giorni una risposta da parte dei relatori presenti al convegno.<\/p>\n<h3><strong>La soddisfazione degli organizzatori<\/strong><\/h3>\n<p>Giustamente soddisfatto il commento di <strong>Diego Moretti<\/strong>, coordinatore didattico Faris: \u201cSono convinto che il webinar <em>Sulle Orme Della Mia Adozione<\/em> sia stato una bella occasione per tante persone che ieri erano collegate all\u2019evento. Penso innanzitutto ai figli in ricerca e ai loro genitori. Gli interventi dei relatori avevano l\u2019intento di aiutare a <strong>canalizzare in maniera positiva<\/strong> e costruttiva le tante domande che essi si pongono sul tema della ricerca delle origini. Inoltre, erano collegati molti operatori del settore: assistenti sociali, psicologi, funzionari e avvocati. Il <strong>feed back<\/strong> ricevuto da tanti di loro gi\u00e0 al termine dell\u2019evento mi fa capire che tutti noi che ci adoperiamo professionalmente nel mondo della Adozione abbiamo sempre bisogno di tenerci aggiornati con una <strong>formazione di qualit\u00e0<\/strong>, cos\u00ec come \u00e8 quella che vuole proporre FARIS\u201d.<\/p>\n<h3><strong>Gli interventi del webinar<\/strong><\/h3>\n<p>Senza entrare nel dettaglio di ciascun intervento, tutti molto utili e ricchi di spunti (la registrazione del webinar \u00e8 comunque visibile QUI), l\u2019iniziale saluto di <strong>Gianmario Fogliazza<\/strong>, coordinatore del centro studi La Pietra Scartata, ha sottolineato come la ricerca delle origini sia una <strong>sfida da raccogliere<\/strong> che non va esasperata e nemmeno minimizzata. La domanda da porsi \u00e8: il rischio del non confronto con la ricerca della propria identit\u00e0 e del passato quale richiesta esprime? Quale pretesa sottende? Se non si affronta la questione nel <strong>tempo e nel modo adeguato<\/strong> si rischia di essere strappati fra temi giuridici, che cercano di dare garanzia con le prassi a tutti i soggetti coinvolti, psicologici e nel confronto con la nuova famiglia.<\/p>\n<p>A seguire \u00e8 intervenuto l\u2019assessore del Comune di Venezia <strong>Simone Venturini<\/strong>, che ha ricordato e rinnovato la lunga <strong>amicizia con Ai.Bi.<\/strong> e l\u2019impegno della politica cittadina nel lavorare sul territorio in favore dell\u2019affido familiare e l\u2019adozione, rafforzando impegni e progetti.<\/p>\n<p>Con <strong>Barbara Segatto<\/strong> e <strong>Giuseppe Cifarelli<\/strong>, giudici onorari del Tribunale dei Minorenni di Venezia, il webinar \u00e8 entrato nel vivo della discussione, mettendo prima di tutto in chiaro come attraverso l\u2019adozione si diventi <strong>figli legittimi a tutti gli effetti<\/strong> della nuova famiglia. L\u2019introduzione nella legge 184 dell\u2019articolo 28, nel 2001, ha per\u00f2 introdotto la responsabilit\u00e0 del figlio di <strong>sapere della sua condizione di adozione.<\/strong> Da qui, i giudici onorari hanno spiegato come si presentano le istanze e quali sono gli <strong>iter<\/strong> da seguire per le adozioni nazionali e internazionali, rispondendo anche a diverse domande degli spettatori.<\/p>\n<p><strong>Marta Casonato<\/strong>, psicologa e dottore di ricerca del servizio regionale adozioni internazionali della Regione Piemonte, ha incentrato il suo intervento sui rischi e le opportunit\u00e0 che la <strong>Rete<\/strong> offre nell\u2019affrontare la ricerca delle proprie origini. La chiave di volta fondamentale \u00e8 \u201c<strong>dare un senso<\/strong>\u201d alla ricerca, perch\u00e9 avere un\u2019informazione, da sola, non risulta sufficiente. \u201cIl modo con cui ci si approccia alla ricerca dipende da quanto si \u00e8 fatto pace con questa condizione di abbandono\u201d &#8211; ha detto Casonato.<br \/>\nInternet permette di risalire a diverse informazioni, ma \u00e8 da tener conto che, quando si mette in moto questa macchina, il <strong>passaparola<\/strong> pu\u00f2 arrivare anche a persone che non si volevano coinvolgere. Da qui l\u2019importanza di <strong>accompagnare i figli<\/strong> in questa ricerca, stando sempre al loro fianco e sapendo che l\u2019esigenza stessa di trovare una risposta non \u00e8 sempre costante nel tempo.<\/p>\n<p>Con <strong>Marco Carretta<\/strong> e <strong>Cristina Legnani<\/strong> il webinar ha invece presentato due \u201cstorie di vita vera\u201d; due esperienze personali, diversissime tra loro, che hanno arricchito la discussione con le emozioni di due figli adottivi che hanno vissuto e <strong>stanno ancora vivendo sulla loro pelle<\/strong> il significato e la complessit\u00e0 che mette in gioco la domanda sulle proprie origini.<\/p>\n<p>Complessit\u00e0 mostrata anche da <strong>Francesco Belletti, <\/strong>Direttore CISF, che ha incentrato il suo contributo sulla \u201c<strong>sfida<\/strong>\u201d che la domanda sulle origini pone a tutta la famiglia, per gli interrogativi che colpiscono l\u2019animo dei figli (chi mi ha messo al mondo? Perch\u00e9 sono stato abbandonato?) e per l\u2019atteggiamento cui sono chiamati i genitori adottivi, <strong>custodi dei ricordi<\/strong> che mano a mano affiorano e <strong>sostegno<\/strong> discreto che non deve mai far sentire al figlio di essere solo.<\/p>\n<p>A chiudere il webinar, infine, l\u2019intervento del Presidente di Ai.Bi <strong>Marco Griffini<\/strong>, che ha ribadito come, dopo 41 anni che si occupa dell\u2019argomento, 4.000 bambini accompagnati alla vita e 3 figli adottivi, <strong>l\u2019adozione rimanga ancora un mistero<\/strong>. \u201cCosa faccia decidere ad un pap\u00e0 ed una mamma di adottare un bambino e come pu\u00f2 un bambino ridare fiducia ad una mamma e un pap\u00e0 dopo aver vissuto l\u2019abbandono? \u2026 Io ancora non lo so\u201d. L\u2019unica certezza \u00e8 che <strong>ogni bambino abbandonato<\/strong> (e nel mondo succede ogni 60 secondi) pu\u00f2 essere un <strong>dono prezioso<\/strong> e unico per un\u2019altra famiglia.<\/p>\n","protected":false},"excerpt":{"rendered":"<p>Riscontri positivi e tantissimi spunti di riflessione sono emersi dal webinar \u201cSulle orme della mia adozione\u201d, andato in onda, via Zoom a una &#8220;platea&#8221; di oltre 600 persone &nbsp;Ottimo riscontro per il webinar Sulle Orme della mia adozione organizzato da Ai.Bi., in collaborazione con Faris (Family Relationship International School), tenutosi mercoled\u00ec 21 aprile, in diretta [&hellip;]<\/p>\n","protected":false},"author":18,"featured_media":5780,"comment_status":"open","ping_status":"open","sticky":false,"template":"","format":"standard","meta":{"footnotes":""},"categories":[1],"tags":[135,136],"class_list":["post-5778","post","type-post","status-publish","format-standard","has-post-thumbnail","hentry","category-news","tag-adozione","tag-mestre"],"yoast_head":"<!-- This site is optimized with the Yoast SEO plugin v26.9 - https:\/\/yoast.com\/product\/yoast-seo-wordpress\/ -->\n<title>La ricchezza dell\u2019adozione e della ricerca delle proprie origini<\/title>\n<meta name=\"description\" content=\"Riscontri positivi e tanti spunti di riflessione emersi dal webinar \u201cSulle orme della mia adozione\u201d, andato in onda a una &quot;platea&quot; di oltre 600 persone\" \/>\n<meta name=\"robots\" content=\"index, follow, max-snippet:-1, max-image-preview:large, max-video-preview:-1\" \/>\n<link rel=\"canonical\" href=\"https:\/\/www.fondazioneaibi.it\/faris\/la-ricchezza-delladozione-e-della-ricerca-delle-proprie-origini\/\" \/>\n<meta property=\"og:locale\" content=\"it_IT\" \/>\n<meta property=\"og:type\" content=\"article\" \/>\n<meta property=\"og:title\" content=\"La ricchezza dell\u2019adozione e della ricerca delle proprie origini\" \/>\n<meta property=\"og:description\" content=\"Riscontri positivi e tanti spunti di riflessione emersi dal webinar \u201cSulle orme della mia adozione\u201d, andato in onda a una &quot;platea&quot; di oltre 600 persone\" \/>\n<meta property=\"og:url\" content=\"https:\/\/www.fondazioneaibi.it\/faris\/la-ricchezza-delladozione-e-della-ricerca-delle-proprie-origini\/\" \/>\n<meta property=\"og:site_name\" content=\"Faris\" \/>\n<meta property=\"article:published_time\" content=\"2021-04-22T15:13:19+00:00\" \/>\n<meta property=\"article:modified_time\" content=\"2021-04-22T15:13:21+00:00\" \/>\n<meta property=\"og:image\" content=\"https:\/\/www.fondazioneaibi.it\/faris\/wp-content\/uploads\/2021\/04\/WhatsApp-Image-2021-04-21-at-21.41.11.jpeg\" \/>\n\t<meta property=\"og:image:width\" content=\"1200\" \/>\n\t<meta property=\"og:image:height\" content=\"630\" \/>\n\t<meta property=\"og:image:type\" content=\"image\/jpeg\" \/>\n<meta name=\"author\" content=\"francescoE\" \/>\n<meta name=\"twitter:card\" content=\"summary_large_image\" \/>\n<meta name=\"twitter:label1\" content=\"Scritto da\" \/>\n\t<meta name=\"twitter:data1\" content=\"francescoE\" \/>\n\t<meta name=\"twitter:label2\" content=\"Tempo di lettura stimato\" \/>\n\t<meta name=\"twitter:data2\" content=\"5 minuti\" \/>\n<script type=\"application\/ld+json\" class=\"yoast-schema-graph\">{\"@context\":\"https:\/\/schema.org\",\"@graph\":[{\"@type\":\"Article\",\"@id\":\"https:\/\/www.fondazioneaibi.it\/faris\/la-ricchezza-delladozione-e-della-ricerca-delle-proprie-origini\/#article\",\"isPartOf\":{\"@id\":\"https:\/\/www.fondazioneaibi.it\/faris\/la-ricchezza-delladozione-e-della-ricerca-delle-proprie-origini\/\"},\"author\":{\"name\":\"francescoE\",\"@id\":\"https:\/\/www.fondazioneaibi.it\/faris\/#\/schema\/person\/ad772d30be3e6bd1b1919619ef0ecb8d\"},\"headline\":\"La ricchezza dell\u2019adozione e della ricerca delle proprie origini\",\"datePublished\":\"2021-04-22T15:13:19+00:00\",\"dateModified\":\"2021-04-22T15:13:21+00:00\",\"mainEntityOfPage\":{\"@id\":\"https:\/\/www.fondazioneaibi.it\/faris\/la-ricchezza-delladozione-e-della-ricerca-delle-proprie-origini\/\"},\"wordCount\":928,\"commentCount\":0,\"publisher\":{\"@id\":\"https:\/\/www.fondazioneaibi.it\/faris\/#organization\"},\"image\":{\"@id\":\"https:\/\/www.fondazioneaibi.it\/faris\/la-ricchezza-delladozione-e-della-ricerca-delle-proprie-origini\/#primaryimage\"},\"thumbnailUrl\":\"https:\/\/www.fondazioneaibi.it\/faris\/wp-content\/uploads\/2021\/04\/WhatsApp-Image-2021-04-21-at-21.41.11.jpeg\",\"keywords\":[\"adozione\",\"mestre\"],\"articleSection\":[\"News\"],\"inLanguage\":\"it-IT\",\"potentialAction\":[{\"@type\":\"CommentAction\",\"name\":\"Comment\",\"target\":[\"https:\/\/www.fondazioneaibi.it\/faris\/la-ricchezza-delladozione-e-della-ricerca-delle-proprie-origini\/#respond\"]}]},{\"@type\":\"WebPage\",\"@id\":\"https:\/\/www.fondazioneaibi.it\/faris\/la-ricchezza-delladozione-e-della-ricerca-delle-proprie-origini\/\",\"url\":\"https:\/\/www.fondazioneaibi.it\/faris\/la-ricchezza-delladozione-e-della-ricerca-delle-proprie-origini\/\",\"name\":\"La ricchezza dell\u2019adozione e della ricerca delle proprie origini\",\"isPartOf\":{\"@id\":\"https:\/\/www.fondazioneaibi.it\/faris\/#website\"},\"primaryImageOfPage\":{\"@id\":\"https:\/\/www.fondazioneaibi.it\/faris\/la-ricchezza-delladozione-e-della-ricerca-delle-proprie-origini\/#primaryimage\"},\"image\":{\"@id\":\"https:\/\/www.fondazioneaibi.it\/faris\/la-ricchezza-delladozione-e-della-ricerca-delle-proprie-origini\/#primaryimage\"},\"thumbnailUrl\":\"https:\/\/www.fondazioneaibi.it\/faris\/wp-content\/uploads\/2021\/04\/WhatsApp-Image-2021-04-21-at-21.41.11.jpeg\",\"datePublished\":\"2021-04-22T15:13:19+00:00\",\"dateModified\":\"2021-04-22T15:13:21+00:00\",\"description\":\"Riscontri positivi e tanti spunti di riflessione emersi dal webinar \u201cSulle orme della mia adozione\u201d, andato in onda a una \\\"platea\\\" di oltre 600 persone\",\"breadcrumb\":{\"@id\":\"https:\/\/www.fondazioneaibi.it\/faris\/la-ricchezza-delladozione-e-della-ricerca-delle-proprie-origini\/#breadcrumb\"},\"inLanguage\":\"it-IT\",\"potentialAction\":[{\"@type\":\"ReadAction\",\"target\":[\"https:\/\/www.fondazioneaibi.it\/faris\/la-ricchezza-delladozione-e-della-ricerca-delle-proprie-origini\/\"]}]},{\"@type\":\"ImageObject\",\"inLanguage\":\"it-IT\",\"@id\":\"https:\/\/www.fondazioneaibi.it\/faris\/la-ricchezza-delladozione-e-della-ricerca-delle-proprie-origini\/#primaryimage\",\"url\":\"https:\/\/www.fondazioneaibi.it\/faris\/wp-content\/uploads\/2021\/04\/WhatsApp-Image-2021-04-21-at-21.41.11.jpeg\",\"contentUrl\":\"https:\/\/www.fondazioneaibi.it\/faris\/wp-content\/uploads\/2021\/04\/WhatsApp-Image-2021-04-21-at-21.41.11.jpeg\",\"width\":1200,\"height\":630},{\"@type\":\"BreadcrumbList\",\"@id\":\"https:\/\/www.fondazioneaibi.it\/faris\/la-ricchezza-delladozione-e-della-ricerca-delle-proprie-origini\/#breadcrumb\",\"itemListElement\":[{\"@type\":\"ListItem\",\"position\":1,\"name\":\"Home\",\"item\":\"https:\/\/www.fondazioneaibi.it\/faris\/\"},{\"@type\":\"ListItem\",\"position\":2,\"name\":\"La ricchezza dell\u2019adozione e della ricerca delle proprie origini\"}]},{\"@type\":\"WebSite\",\"@id\":\"https:\/\/www.fondazioneaibi.it\/faris\/#website\",\"url\":\"https:\/\/www.fondazioneaibi.it\/faris\/\",\"name\":\"Faris\",\"description\":\"Faris\",\"publisher\":{\"@id\":\"https:\/\/www.fondazioneaibi.it\/faris\/#organization\"},\"potentialAction\":[{\"@type\":\"SearchAction\",\"target\":{\"@type\":\"EntryPoint\",\"urlTemplate\":\"https:\/\/www.fondazioneaibi.it\/faris\/?s={search_term_string}\"},\"query-input\":{\"@type\":\"PropertyValueSpecification\",\"valueRequired\":true,\"valueName\":\"search_term_string\"}}],\"inLanguage\":\"it-IT\"},{\"@type\":\"Organization\",\"@id\":\"https:\/\/www.fondazioneaibi.it\/faris\/#organization\",\"name\":\"Faris\",\"url\":\"https:\/\/www.fondazioneaibi.it\/faris\/\",\"logo\":{\"@type\":\"ImageObject\",\"inLanguage\":\"it-IT\",\"@id\":\"https:\/\/www.fondazioneaibi.it\/faris\/#\/schema\/logo\/image\/\",\"url\":\"https:\/\/www.fondazioneaibi.it\/faris\/wp-content\/uploads\/2021\/03\/FARIS-LOGO-WEB-SITE-payoff-490x109.png\",\"contentUrl\":\"https:\/\/www.fondazioneaibi.it\/faris\/wp-content\/uploads\/2021\/03\/FARIS-LOGO-WEB-SITE-payoff-490x109.png\",\"width\":494,\"height\":110,\"caption\":\"Faris\"},\"image\":{\"@id\":\"https:\/\/www.fondazioneaibi.it\/faris\/#\/schema\/logo\/image\/\"}},{\"@type\":\"Person\",\"@id\":\"https:\/\/www.fondazioneaibi.it\/faris\/#\/schema\/person\/ad772d30be3e6bd1b1919619ef0ecb8d\",\"name\":\"francescoE\",\"image\":{\"@type\":\"ImageObject\",\"inLanguage\":\"it-IT\",\"@id\":\"https:\/\/www.fondazioneaibi.it\/faris\/#\/schema\/person\/image\/\",\"url\":\"https:\/\/secure.gravatar.com\/avatar\/eb25bc3259115f3cc20fd1978e06816ae94cd44934e33996da7a734be3641d43?s=96&d=mm&r=g\",\"contentUrl\":\"https:\/\/secure.gravatar.com\/avatar\/eb25bc3259115f3cc20fd1978e06816ae94cd44934e33996da7a734be3641d43?s=96&d=mm&r=g\",\"caption\":\"francescoE\"},\"url\":\"https:\/\/www.fondazioneaibi.it\/faris\/author\/francescoe\/\"}]}<\/script>\n<!-- \/ Yoast SEO plugin. -->","yoast_head_json":{"title":"La ricchezza dell\u2019adozione e della ricerca delle proprie origini","description":"Riscontri positivi e tanti spunti di riflessione emersi dal webinar \u201cSulle orme della mia adozione\u201d, andato in onda a una \"platea\" di oltre 600 persone","robots":{"index":"index","follow":"follow","max-snippet":"max-snippet:-1","max-image-preview":"max-image-preview:large","max-video-preview":"max-video-preview:-1"},"canonical":"https:\/\/www.fondazioneaibi.it\/faris\/la-ricchezza-delladozione-e-della-ricerca-delle-proprie-origini\/","og_locale":"it_IT","og_type":"article","og_title":"La ricchezza dell\u2019adozione e della ricerca delle proprie origini","og_description":"Riscontri positivi e tanti spunti di riflessione emersi dal webinar \u201cSulle orme della mia adozione\u201d, andato in onda a una \"platea\" di oltre 600 persone","og_url":"https:\/\/www.fondazioneaibi.it\/faris\/la-ricchezza-delladozione-e-della-ricerca-delle-proprie-origini\/","og_site_name":"Faris","article_published_time":"2021-04-22T15:13:19+00:00","article_modified_time":"2021-04-22T15:13:21+00:00","og_image":[{"width":1200,"height":630,"url":"https:\/\/www.fondazioneaibi.it\/faris\/wp-content\/uploads\/2021\/04\/WhatsApp-Image-2021-04-21-at-21.41.11.jpeg","type":"image\/jpeg"}],"author":"francescoE","twitter_card":"summary_large_image","twitter_misc":{"Scritto da":"francescoE","Tempo di lettura stimato":"5 minuti"},"schema":{"@context":"https:\/\/schema.org","@graph":[{"@type":"Article","@id":"https:\/\/www.fondazioneaibi.it\/faris\/la-ricchezza-delladozione-e-della-ricerca-delle-proprie-origini\/#article","isPartOf":{"@id":"https:\/\/www.fondazioneaibi.it\/faris\/la-ricchezza-delladozione-e-della-ricerca-delle-proprie-origini\/"},"author":{"name":"francescoE","@id":"https:\/\/www.fondazioneaibi.it\/faris\/#\/schema\/person\/ad772d30be3e6bd1b1919619ef0ecb8d"},"headline":"La ricchezza dell\u2019adozione e della ricerca delle proprie origini","datePublished":"2021-04-22T15:13:19+00:00","dateModified":"2021-04-22T15:13:21+00:00","mainEntityOfPage":{"@id":"https:\/\/www.fondazioneaibi.it\/faris\/la-ricchezza-delladozione-e-della-ricerca-delle-proprie-origini\/"},"wordCount":928,"commentCount":0,"publisher":{"@id":"https:\/\/www.fondazioneaibi.it\/faris\/#organization"},"image":{"@id":"https:\/\/www.fondazioneaibi.it\/faris\/la-ricchezza-delladozione-e-della-ricerca-delle-proprie-origini\/#primaryimage"},"thumbnailUrl":"https:\/\/www.fondazioneaibi.it\/faris\/wp-content\/uploads\/2021\/04\/WhatsApp-Image-2021-04-21-at-21.41.11.jpeg","keywords":["adozione","mestre"],"articleSection":["News"],"inLanguage":"it-IT","potentialAction":[{"@type":"CommentAction","name":"Comment","target":["https:\/\/www.fondazioneaibi.it\/faris\/la-ricchezza-delladozione-e-della-ricerca-delle-proprie-origini\/#respond"]}]},{"@type":"WebPage","@id":"https:\/\/www.fondazioneaibi.it\/faris\/la-ricchezza-delladozione-e-della-ricerca-delle-proprie-origini\/","url":"https:\/\/www.fondazioneaibi.it\/faris\/la-ricchezza-delladozione-e-della-ricerca-delle-proprie-origini\/","name":"La ricchezza dell\u2019adozione e della ricerca delle proprie origini","isPartOf":{"@id":"https:\/\/www.fondazioneaibi.it\/faris\/#website"},"primaryImageOfPage":{"@id":"https:\/\/www.fondazioneaibi.it\/faris\/la-ricchezza-delladozione-e-della-ricerca-delle-proprie-origini\/#primaryimage"},"image":{"@id":"https:\/\/www.fondazioneaibi.it\/faris\/la-ricchezza-delladozione-e-della-ricerca-delle-proprie-origini\/#primaryimage"},"thumbnailUrl":"https:\/\/www.fondazioneaibi.it\/faris\/wp-content\/uploads\/2021\/04\/WhatsApp-Image-2021-04-21-at-21.41.11.jpeg","datePublished":"2021-04-22T15:13:19+00:00","dateModified":"2021-04-22T15:13:21+00:00","description":"Riscontri positivi e tanti spunti di riflessione emersi dal webinar \u201cSulle orme della mia adozione\u201d, andato in onda a una \"platea\" di oltre 600 persone","breadcrumb":{"@id":"https:\/\/www.fondazioneaibi.it\/faris\/la-ricchezza-delladozione-e-della-ricerca-delle-proprie-origini\/#breadcrumb"},"inLanguage":"it-IT","potentialAction":[{"@type":"ReadAction","target":["https:\/\/www.fondazioneaibi.it\/faris\/la-ricchezza-delladozione-e-della-ricerca-delle-proprie-origini\/"]}]},{"@type":"ImageObject","inLanguage":"it-IT","@id":"https:\/\/www.fondazioneaibi.it\/faris\/la-ricchezza-delladozione-e-della-ricerca-delle-proprie-origini\/#primaryimage","url":"https:\/\/www.fondazioneaibi.it\/faris\/wp-content\/uploads\/2021\/04\/WhatsApp-Image-2021-04-21-at-21.41.11.jpeg","contentUrl":"https:\/\/www.fondazioneaibi.it\/faris\/wp-content\/uploads\/2021\/04\/WhatsApp-Image-2021-04-21-at-21.41.11.jpeg","width":1200,"height":630},{"@type":"BreadcrumbList","@id":"https:\/\/www.fondazioneaibi.it\/faris\/la-ricchezza-delladozione-e-della-ricerca-delle-proprie-origini\/#breadcrumb","itemListElement":[{"@type":"ListItem","position":1,"name":"Home","item":"https:\/\/www.fondazioneaibi.it\/faris\/"},{"@type":"ListItem","position":2,"name":"La ricchezza dell\u2019adozione e della ricerca delle proprie origini"}]},{"@type":"WebSite","@id":"https:\/\/www.fondazioneaibi.it\/faris\/#website","url":"https:\/\/www.fondazioneaibi.it\/faris\/","name":"Faris","description":"Faris","publisher":{"@id":"https:\/\/www.fondazioneaibi.it\/faris\/#organization"},"potentialAction":[{"@type":"SearchAction","target":{"@type":"EntryPoint","urlTemplate":"https:\/\/www.fondazioneaibi.it\/faris\/?s={search_term_string}"},"query-input":{"@type":"PropertyValueSpecification","valueRequired":true,"valueName":"search_term_string"}}],"inLanguage":"it-IT"},{"@type":"Organization","@id":"https:\/\/www.fondazioneaibi.it\/faris\/#organization","name":"Faris","url":"https:\/\/www.fondazioneaibi.it\/faris\/","logo":{"@type":"ImageObject","inLanguage":"it-IT","@id":"https:\/\/www.fondazioneaibi.it\/faris\/#\/schema\/logo\/image\/","url":"https:\/\/www.fondazioneaibi.it\/faris\/wp-content\/uploads\/2021\/03\/FARIS-LOGO-WEB-SITE-payoff-490x109.png","contentUrl":"https:\/\/www.fondazioneaibi.it\/faris\/wp-content\/uploads\/2021\/03\/FARIS-LOGO-WEB-SITE-payoff-490x109.png","width":494,"height":110,"caption":"Faris"},"image":{"@id":"https:\/\/www.fondazioneaibi.it\/faris\/#\/schema\/logo\/image\/"}},{"@type":"Person","@id":"https:\/\/www.fondazioneaibi.it\/faris\/#\/schema\/person\/ad772d30be3e6bd1b1919619ef0ecb8d","name":"francescoE","image":{"@type":"ImageObject","inLanguage":"it-IT","@id":"https:\/\/www.fondazioneaibi.it\/faris\/#\/schema\/person\/image\/","url":"https:\/\/secure.gravatar.com\/avatar\/eb25bc3259115f3cc20fd1978e06816ae94cd44934e33996da7a734be3641d43?s=96&d=mm&r=g","contentUrl":"https:\/\/secure.gravatar.com\/avatar\/eb25bc3259115f3cc20fd1978e06816ae94cd44934e33996da7a734be3641d43?s=96&d=mm&r=g","caption":"francescoE"},"url":"https:\/\/www.fondazioneaibi.it\/faris\/author\/francescoe\/"}]}},"_links":{"self":[{"href":"https:\/\/www.fondazioneaibi.it\/faris\/wp-json\/wp\/v2\/posts\/5778","targetHints":{"allow":["GET"]}}],"collection":[{"href":"https:\/\/www.fondazioneaibi.it\/faris\/wp-json\/wp\/v2\/posts"}],"about":[{"href":"https:\/\/www.fondazioneaibi.it\/faris\/wp-json\/wp\/v2\/types\/post"}],"author":[{"embeddable":true,"href":"https:\/\/www.fondazioneaibi.it\/faris\/wp-json\/wp\/v2\/users\/18"}],"replies":[{"embeddable":true,"href":"https:\/\/www.fondazioneaibi.it\/faris\/wp-json\/wp\/v2\/comments?post=5778"}],"version-history":[{"count":2,"href":"https:\/\/www.fondazioneaibi.it\/faris\/wp-json\/wp\/v2\/posts\/5778\/revisions"}],"predecessor-version":[{"id":5781,"href":"https:\/\/www.fondazioneaibi.it\/faris\/wp-json\/wp\/v2\/posts\/5778\/revisions\/5781"}],"wp:featuredmedia":[{"embeddable":true,"href":"https:\/\/www.fondazioneaibi.it\/faris\/wp-json\/wp\/v2\/media\/5780"}],"wp:attachment":[{"href":"https:\/\/www.fondazioneaibi.it\/faris\/wp-json\/wp\/v2\/media?parent=5778"}],"wp:term":[{"taxonomy":"category","embeddable":true,"href":"https:\/\/www.fondazioneaibi.it\/faris\/wp-json\/wp\/v2\/categories?post=5778"},{"taxonomy":"post_tag","embeddable":true,"href":"https:\/\/www.fondazioneaibi.it\/faris\/wp-json\/wp\/v2\/tags?post=5778"}],"curies":[{"name":"wp","href":"https:\/\/api.w.org\/{rel}","templated":true}]}}