{"id":5760,"date":"2021-04-21T10:31:23","date_gmt":"2021-04-21T08:31:23","guid":{"rendered":"https:\/\/www.fondazioneaibi.it\/faris\/?p=5760"},"modified":"2021-04-28T09:19:35","modified_gmt":"2021-04-28T07:19:35","slug":"adolescenti-prima-piu-a-lungo-piu-in-crisi","status":"publish","type":"post","link":"https:\/\/www.fondazioneaibi.it\/faris\/adolescenti-prima-piu-a-lungo-piu-in-crisi\/","title":{"rendered":"Adolescenti, prima, pi\u00f9 a lungo e, soprattutto, pi\u00f9 in crisi"},"content":{"rendered":"<h2 style=\"font-weight: 400;\"><strong>L&#8217;adolescenza \u00e8 un\u2019et\u00e0 sempre pi\u00f9 in crisi, nei confronti della quale manca un\u2019adeguata assistenza al disagio psicologico e un supporto concreto per le famiglie<\/strong><\/h2>\n<p style=\"font-weight: 400;\">L\u2019adolescenza? Una \u201czona grigia\u201d nei confronti della quale l\u2019assistenza al disagio psicologico ha mostrato di avere \u201cun buco nella coperta\u201d. Ad affermarlo \u00e8 il famoso psichiatra\u00a0<strong>Paolo Crepet<\/strong>\u00a0in un\u2019intervista concessa a\u00a0<em>il Resto del Carlino<\/em>.<\/p>\n<h3 style=\"font-weight: 400;\"><strong>Difficolt\u00e0 dei giovani e mancanza di adeguata assistenza alle famiglie<\/strong><\/h3>\n<p style=\"font-weight: 400;\">Partendo dai fatti di cronaca del delitto di Ceretolo, in cui un ragazzo di 19 anni ha ucciso il patrigno, ma senza entrare nel merito della questione, l\u2019esperto d\u00e0 una sua\u00a0<strong>interpretazione<\/strong>\u00a0dell\u2019attuale situazione che vivono gli\u00a0<strong>adolescenti<\/strong>, nei confronti dei quali manca un \u201ccentro di crisi\u201d, un \u201cluogo che aiuti la famiglia ad avere un break\u201d. Perch\u00e9 certe situazioni di disagio, sottolinea Crepet, non nascono dall\u2019oggi\u00a0al\u00a0domani, ma crescono di giorno in\u00a0 giorno, incrinando i rapporti all\u2019interno della famiglia e portando, a volte, all\u2019<strong>esasperazione<\/strong>. Per questo servirebbero delle\u00a0<strong>strutture<\/strong>\u00a0che da un lato consentono alla famiglia stessa di prendere una pausa, dall\u2019altro all\u2019adolescente di continuare ad andare a scuola e fare le sue attivit\u00e0, potendo poi contare sul fatto di ritornare in una realt\u00e0 protetta.<\/p>\n<p style=\"font-weight: 400;\">Allargando la sua analisi, lo psichiatra sottolinea come ormai l\u2019adolescenza\u00a0<strong>inizi prima<\/strong>, intorno ai 12 \u2013 13 anni, e\u00a0<strong>termini dopo<\/strong>. Ma prolungare questo \u201ctempo di formazione\u201d non porta benefici, anzi. \u201cNon dico [che il rischio sia] di uccidere i genitori, ma consumare cocaina o alcol\u2026\u201d. E la\u00a0<strong>situazione di pandemia<\/strong>\u00a0nella maggioranza dei casi non ha certo facilitato le cose, perch\u00e9 le famiglie che gi\u00e0 erano in difficolt\u00e0 lo sono ancora di pi\u00f9 e, soprattutto, sono state lasciate sole.<\/p>\n<h3 style=\"font-weight: 400;\"><strong>Assumersi la responsabilit\u00e0. Come singoli e come societ\u00e0<\/strong><\/h3>\n<p style=\"font-weight: 400;\">Una chiave importante, prosegue Crepet, \u00e8 quella dell\u2019<strong>assunzione di responsabilit\u00e0<\/strong>: per esempio, portare la maggiore et\u00e0 a 16 anni. Ma anche, spiega tornando al caso di cronaca, non cedere alla tentazione del buonismo e del condono: bisogna prendersi la responsabilit\u00e0 di ci\u00f2 che si \u00e8 fatto e, come societ\u00e0: \u201cdobbiamo\u00a0<strong>insegnare<\/strong>\u00a0agli altri giovani cosa pensa una civilt\u00e0\u201d.<\/p>\n<p style=\"font-weight: 400;\">Proprio per parlare di adolescenza, Faris propone\u00a0<a href=\"https:\/\/www.fondazioneaibi.it\/faris\/prodotto\/webinar-adolescenti-conoscerli-per-amarli\/\" target=\"_blank\" rel=\"noopener\">un webinar<\/a>, in programma per\u00a0<strong>mercoled\u00ec 28 aprile<\/strong>, in cui discutere e riflettere sul tema, per\u00a0<strong>capire e ri-conoscere<\/strong>\u00a0i propri figli adolescenti e tutelare cos\u00ec il loro e il \u201cnostro\u201d futuro.<\/p>\n","protected":false},"excerpt":{"rendered":"<p>L&#8217;adolescenza \u00e8 un\u2019et\u00e0 sempre pi\u00f9 in crisi, nei confronti della quale manca un\u2019adeguata assistenza al disagio psicologico e un supporto concreto per le famiglie L\u2019adolescenza? Una \u201czona grigia\u201d nei confronti della quale l\u2019assistenza al disagio psicologico ha mostrato di avere \u201cun buco nella coperta\u201d. Ad affermarlo \u00e8 il famoso psichiatra\u00a0Paolo Crepet\u00a0in un\u2019intervista concessa a\u00a0il Resto [&hellip;]<\/p>\n","protected":false},"author":18,"featured_media":5761,"comment_status":"closed","ping_status":"closed","sticky":false,"template":"","format":"standard","meta":{"footnotes":""},"categories":[1],"tags":[133,134],"class_list":["post-5760","post","type-post","status-publish","format-standard","has-post-thumbnail","hentry","category-news","tag-adolescenti","tag-iniziative"],"yoast_head":"<!-- This site is optimized with the Yoast SEO plugin v26.9 - https:\/\/yoast.com\/product\/yoast-seo-wordpress\/ -->\n<title>Adolescenti, prima, pi\u00f9 a lungo e, soprattutto, pi\u00f9 in crisi<\/title>\n<meta name=\"description\" content=\"L&#039;adolescenza \u00e8 un\u2019et\u00e0 sempre pi\u00f9 in crisi, nei confronti della quale manca l&#039;assistenza psicologica e un supporto concreto per le famiglie\" \/>\n<meta name=\"robots\" content=\"index, follow, max-snippet:-1, max-image-preview:large, max-video-preview:-1\" \/>\n<link rel=\"canonical\" href=\"https:\/\/www.fondazioneaibi.it\/faris\/adolescenti-prima-piu-a-lungo-piu-in-crisi\/\" \/>\n<meta property=\"og:locale\" content=\"it_IT\" \/>\n<meta property=\"og:type\" content=\"article\" \/>\n<meta property=\"og:title\" content=\"Adolescenti, prima, pi\u00f9 a lungo e, soprattutto, pi\u00f9 in crisi\" \/>\n<meta property=\"og:description\" content=\"L&#039;adolescenza \u00e8 un\u2019et\u00e0 sempre pi\u00f9 in crisi, nei confronti della quale manca l&#039;assistenza psicologica e un supporto concreto per le famiglie\" \/>\n<meta property=\"og:url\" content=\"https:\/\/www.fondazioneaibi.it\/faris\/adolescenti-prima-piu-a-lungo-piu-in-crisi\/\" \/>\n<meta property=\"og:site_name\" content=\"Faris\" \/>\n<meta property=\"article:published_time\" content=\"2021-04-21T08:31:23+00:00\" \/>\n<meta property=\"article:modified_time\" content=\"2021-04-28T07:19:35+00:00\" \/>\n<meta property=\"og:image\" content=\"https:\/\/www.fondazioneaibi.it\/faris\/wp-content\/uploads\/2021\/04\/adolescenti-crisi.jpg\" \/>\n\t<meta property=\"og:image:width\" content=\"1200\" \/>\n\t<meta property=\"og:image:height\" content=\"630\" \/>\n\t<meta property=\"og:image:type\" content=\"image\/jpeg\" \/>\n<meta name=\"author\" content=\"francescoE\" \/>\n<meta name=\"twitter:card\" content=\"summary_large_image\" \/>\n<meta name=\"twitter:label1\" content=\"Scritto da\" \/>\n\t<meta name=\"twitter:data1\" content=\"francescoE\" \/>\n\t<meta name=\"twitter:label2\" content=\"Tempo di lettura stimato\" \/>\n\t<meta name=\"twitter:data2\" content=\"2 minuti\" \/>\n<script type=\"application\/ld+json\" class=\"yoast-schema-graph\">{\"@context\":\"https:\/\/schema.org\",\"@graph\":[{\"@type\":\"Article\",\"@id\":\"https:\/\/www.fondazioneaibi.it\/faris\/adolescenti-prima-piu-a-lungo-piu-in-crisi\/#article\",\"isPartOf\":{\"@id\":\"https:\/\/www.fondazioneaibi.it\/faris\/adolescenti-prima-piu-a-lungo-piu-in-crisi\/\"},\"author\":{\"name\":\"francescoE\",\"@id\":\"https:\/\/www.fondazioneaibi.it\/faris\/#\/schema\/person\/ad772d30be3e6bd1b1919619ef0ecb8d\"},\"headline\":\"Adolescenti, prima, pi\u00f9 a lungo e, soprattutto, pi\u00f9 in crisi\",\"datePublished\":\"2021-04-21T08:31:23+00:00\",\"dateModified\":\"2021-04-28T07:19:35+00:00\",\"mainEntityOfPage\":{\"@id\":\"https:\/\/www.fondazioneaibi.it\/faris\/adolescenti-prima-piu-a-lungo-piu-in-crisi\/\"},\"wordCount\":396,\"publisher\":{\"@id\":\"https:\/\/www.fondazioneaibi.it\/faris\/#organization\"},\"image\":{\"@id\":\"https:\/\/www.fondazioneaibi.it\/faris\/adolescenti-prima-piu-a-lungo-piu-in-crisi\/#primaryimage\"},\"thumbnailUrl\":\"https:\/\/www.fondazioneaibi.it\/faris\/wp-content\/uploads\/2021\/04\/adolescenti-crisi.jpg\",\"keywords\":[\"adolescenti\",\"iniziative\"],\"articleSection\":[\"News\"],\"inLanguage\":\"it-IT\"},{\"@type\":\"WebPage\",\"@id\":\"https:\/\/www.fondazioneaibi.it\/faris\/adolescenti-prima-piu-a-lungo-piu-in-crisi\/\",\"url\":\"https:\/\/www.fondazioneaibi.it\/faris\/adolescenti-prima-piu-a-lungo-piu-in-crisi\/\",\"name\":\"Adolescenti, prima, pi\u00f9 a lungo e, soprattutto, pi\u00f9 in crisi\",\"isPartOf\":{\"@id\":\"https:\/\/www.fondazioneaibi.it\/faris\/#website\"},\"primaryImageOfPage\":{\"@id\":\"https:\/\/www.fondazioneaibi.it\/faris\/adolescenti-prima-piu-a-lungo-piu-in-crisi\/#primaryimage\"},\"image\":{\"@id\":\"https:\/\/www.fondazioneaibi.it\/faris\/adolescenti-prima-piu-a-lungo-piu-in-crisi\/#primaryimage\"},\"thumbnailUrl\":\"https:\/\/www.fondazioneaibi.it\/faris\/wp-content\/uploads\/2021\/04\/adolescenti-crisi.jpg\",\"datePublished\":\"2021-04-21T08:31:23+00:00\",\"dateModified\":\"2021-04-28T07:19:35+00:00\",\"description\":\"L'adolescenza \u00e8 un\u2019et\u00e0 sempre pi\u00f9 in crisi, nei confronti della quale manca l'assistenza psicologica e un supporto concreto per le famiglie\",\"breadcrumb\":{\"@id\":\"https:\/\/www.fondazioneaibi.it\/faris\/adolescenti-prima-piu-a-lungo-piu-in-crisi\/#breadcrumb\"},\"inLanguage\":\"it-IT\",\"potentialAction\":[{\"@type\":\"ReadAction\",\"target\":[\"https:\/\/www.fondazioneaibi.it\/faris\/adolescenti-prima-piu-a-lungo-piu-in-crisi\/\"]}]},{\"@type\":\"ImageObject\",\"inLanguage\":\"it-IT\",\"@id\":\"https:\/\/www.fondazioneaibi.it\/faris\/adolescenti-prima-piu-a-lungo-piu-in-crisi\/#primaryimage\",\"url\":\"https:\/\/www.fondazioneaibi.it\/faris\/wp-content\/uploads\/2021\/04\/adolescenti-crisi.jpg\",\"contentUrl\":\"https:\/\/www.fondazioneaibi.it\/faris\/wp-content\/uploads\/2021\/04\/adolescenti-crisi.jpg\",\"width\":1200,\"height\":630},{\"@type\":\"BreadcrumbList\",\"@id\":\"https:\/\/www.fondazioneaibi.it\/faris\/adolescenti-prima-piu-a-lungo-piu-in-crisi\/#breadcrumb\",\"itemListElement\":[{\"@type\":\"ListItem\",\"position\":1,\"name\":\"Home\",\"item\":\"https:\/\/www.fondazioneaibi.it\/faris\/\"},{\"@type\":\"ListItem\",\"position\":2,\"name\":\"Adolescenti, prima, pi\u00f9 a lungo e, soprattutto, pi\u00f9 in crisi\"}]},{\"@type\":\"WebSite\",\"@id\":\"https:\/\/www.fondazioneaibi.it\/faris\/#website\",\"url\":\"https:\/\/www.fondazioneaibi.it\/faris\/\",\"name\":\"Faris\",\"description\":\"Faris\",\"publisher\":{\"@id\":\"https:\/\/www.fondazioneaibi.it\/faris\/#organization\"},\"potentialAction\":[{\"@type\":\"SearchAction\",\"target\":{\"@type\":\"EntryPoint\",\"urlTemplate\":\"https:\/\/www.fondazioneaibi.it\/faris\/?s={search_term_string}\"},\"query-input\":{\"@type\":\"PropertyValueSpecification\",\"valueRequired\":true,\"valueName\":\"search_term_string\"}}],\"inLanguage\":\"it-IT\"},{\"@type\":\"Organization\",\"@id\":\"https:\/\/www.fondazioneaibi.it\/faris\/#organization\",\"name\":\"Faris\",\"url\":\"https:\/\/www.fondazioneaibi.it\/faris\/\",\"logo\":{\"@type\":\"ImageObject\",\"inLanguage\":\"it-IT\",\"@id\":\"https:\/\/www.fondazioneaibi.it\/faris\/#\/schema\/logo\/image\/\",\"url\":\"https:\/\/www.fondazioneaibi.it\/faris\/wp-content\/uploads\/2021\/03\/FARIS-LOGO-WEB-SITE-payoff-490x109.png\",\"contentUrl\":\"https:\/\/www.fondazioneaibi.it\/faris\/wp-content\/uploads\/2021\/03\/FARIS-LOGO-WEB-SITE-payoff-490x109.png\",\"width\":494,\"height\":110,\"caption\":\"Faris\"},\"image\":{\"@id\":\"https:\/\/www.fondazioneaibi.it\/faris\/#\/schema\/logo\/image\/\"}},{\"@type\":\"Person\",\"@id\":\"https:\/\/www.fondazioneaibi.it\/faris\/#\/schema\/person\/ad772d30be3e6bd1b1919619ef0ecb8d\",\"name\":\"francescoE\",\"image\":{\"@type\":\"ImageObject\",\"inLanguage\":\"it-IT\",\"@id\":\"https:\/\/www.fondazioneaibi.it\/faris\/#\/schema\/person\/image\/\",\"url\":\"https:\/\/secure.gravatar.com\/avatar\/eb25bc3259115f3cc20fd1978e06816ae94cd44934e33996da7a734be3641d43?s=96&d=mm&r=g\",\"contentUrl\":\"https:\/\/secure.gravatar.com\/avatar\/eb25bc3259115f3cc20fd1978e06816ae94cd44934e33996da7a734be3641d43?s=96&d=mm&r=g\",\"caption\":\"francescoE\"},\"url\":\"https:\/\/www.fondazioneaibi.it\/faris\/author\/francescoe\/\"}]}<\/script>\n<!-- \/ Yoast SEO plugin. -->","yoast_head_json":{"title":"Adolescenti, prima, pi\u00f9 a lungo e, soprattutto, pi\u00f9 in crisi","description":"L'adolescenza \u00e8 un\u2019et\u00e0 sempre pi\u00f9 in crisi, nei confronti della quale manca l'assistenza psicologica e un supporto concreto per le famiglie","robots":{"index":"index","follow":"follow","max-snippet":"max-snippet:-1","max-image-preview":"max-image-preview:large","max-video-preview":"max-video-preview:-1"},"canonical":"https:\/\/www.fondazioneaibi.it\/faris\/adolescenti-prima-piu-a-lungo-piu-in-crisi\/","og_locale":"it_IT","og_type":"article","og_title":"Adolescenti, prima, pi\u00f9 a lungo e, soprattutto, pi\u00f9 in crisi","og_description":"L'adolescenza \u00e8 un\u2019et\u00e0 sempre pi\u00f9 in crisi, nei confronti della quale manca l'assistenza psicologica e un supporto concreto per le famiglie","og_url":"https:\/\/www.fondazioneaibi.it\/faris\/adolescenti-prima-piu-a-lungo-piu-in-crisi\/","og_site_name":"Faris","article_published_time":"2021-04-21T08:31:23+00:00","article_modified_time":"2021-04-28T07:19:35+00:00","og_image":[{"width":1200,"height":630,"url":"https:\/\/www.fondazioneaibi.it\/faris\/wp-content\/uploads\/2021\/04\/adolescenti-crisi.jpg","type":"image\/jpeg"}],"author":"francescoE","twitter_card":"summary_large_image","twitter_misc":{"Scritto da":"francescoE","Tempo di lettura stimato":"2 minuti"},"schema":{"@context":"https:\/\/schema.org","@graph":[{"@type":"Article","@id":"https:\/\/www.fondazioneaibi.it\/faris\/adolescenti-prima-piu-a-lungo-piu-in-crisi\/#article","isPartOf":{"@id":"https:\/\/www.fondazioneaibi.it\/faris\/adolescenti-prima-piu-a-lungo-piu-in-crisi\/"},"author":{"name":"francescoE","@id":"https:\/\/www.fondazioneaibi.it\/faris\/#\/schema\/person\/ad772d30be3e6bd1b1919619ef0ecb8d"},"headline":"Adolescenti, prima, pi\u00f9 a lungo e, soprattutto, pi\u00f9 in crisi","datePublished":"2021-04-21T08:31:23+00:00","dateModified":"2021-04-28T07:19:35+00:00","mainEntityOfPage":{"@id":"https:\/\/www.fondazioneaibi.it\/faris\/adolescenti-prima-piu-a-lungo-piu-in-crisi\/"},"wordCount":396,"publisher":{"@id":"https:\/\/www.fondazioneaibi.it\/faris\/#organization"},"image":{"@id":"https:\/\/www.fondazioneaibi.it\/faris\/adolescenti-prima-piu-a-lungo-piu-in-crisi\/#primaryimage"},"thumbnailUrl":"https:\/\/www.fondazioneaibi.it\/faris\/wp-content\/uploads\/2021\/04\/adolescenti-crisi.jpg","keywords":["adolescenti","iniziative"],"articleSection":["News"],"inLanguage":"it-IT"},{"@type":"WebPage","@id":"https:\/\/www.fondazioneaibi.it\/faris\/adolescenti-prima-piu-a-lungo-piu-in-crisi\/","url":"https:\/\/www.fondazioneaibi.it\/faris\/adolescenti-prima-piu-a-lungo-piu-in-crisi\/","name":"Adolescenti, prima, pi\u00f9 a lungo e, soprattutto, pi\u00f9 in crisi","isPartOf":{"@id":"https:\/\/www.fondazioneaibi.it\/faris\/#website"},"primaryImageOfPage":{"@id":"https:\/\/www.fondazioneaibi.it\/faris\/adolescenti-prima-piu-a-lungo-piu-in-crisi\/#primaryimage"},"image":{"@id":"https:\/\/www.fondazioneaibi.it\/faris\/adolescenti-prima-piu-a-lungo-piu-in-crisi\/#primaryimage"},"thumbnailUrl":"https:\/\/www.fondazioneaibi.it\/faris\/wp-content\/uploads\/2021\/04\/adolescenti-crisi.jpg","datePublished":"2021-04-21T08:31:23+00:00","dateModified":"2021-04-28T07:19:35+00:00","description":"L'adolescenza \u00e8 un\u2019et\u00e0 sempre pi\u00f9 in crisi, nei confronti della quale manca l'assistenza psicologica e un supporto concreto per le famiglie","breadcrumb":{"@id":"https:\/\/www.fondazioneaibi.it\/faris\/adolescenti-prima-piu-a-lungo-piu-in-crisi\/#breadcrumb"},"inLanguage":"it-IT","potentialAction":[{"@type":"ReadAction","target":["https:\/\/www.fondazioneaibi.it\/faris\/adolescenti-prima-piu-a-lungo-piu-in-crisi\/"]}]},{"@type":"ImageObject","inLanguage":"it-IT","@id":"https:\/\/www.fondazioneaibi.it\/faris\/adolescenti-prima-piu-a-lungo-piu-in-crisi\/#primaryimage","url":"https:\/\/www.fondazioneaibi.it\/faris\/wp-content\/uploads\/2021\/04\/adolescenti-crisi.jpg","contentUrl":"https:\/\/www.fondazioneaibi.it\/faris\/wp-content\/uploads\/2021\/04\/adolescenti-crisi.jpg","width":1200,"height":630},{"@type":"BreadcrumbList","@id":"https:\/\/www.fondazioneaibi.it\/faris\/adolescenti-prima-piu-a-lungo-piu-in-crisi\/#breadcrumb","itemListElement":[{"@type":"ListItem","position":1,"name":"Home","item":"https:\/\/www.fondazioneaibi.it\/faris\/"},{"@type":"ListItem","position":2,"name":"Adolescenti, prima, pi\u00f9 a lungo e, soprattutto, pi\u00f9 in crisi"}]},{"@type":"WebSite","@id":"https:\/\/www.fondazioneaibi.it\/faris\/#website","url":"https:\/\/www.fondazioneaibi.it\/faris\/","name":"Faris","description":"Faris","publisher":{"@id":"https:\/\/www.fondazioneaibi.it\/faris\/#organization"},"potentialAction":[{"@type":"SearchAction","target":{"@type":"EntryPoint","urlTemplate":"https:\/\/www.fondazioneaibi.it\/faris\/?s={search_term_string}"},"query-input":{"@type":"PropertyValueSpecification","valueRequired":true,"valueName":"search_term_string"}}],"inLanguage":"it-IT"},{"@type":"Organization","@id":"https:\/\/www.fondazioneaibi.it\/faris\/#organization","name":"Faris","url":"https:\/\/www.fondazioneaibi.it\/faris\/","logo":{"@type":"ImageObject","inLanguage":"it-IT","@id":"https:\/\/www.fondazioneaibi.it\/faris\/#\/schema\/logo\/image\/","url":"https:\/\/www.fondazioneaibi.it\/faris\/wp-content\/uploads\/2021\/03\/FARIS-LOGO-WEB-SITE-payoff-490x109.png","contentUrl":"https:\/\/www.fondazioneaibi.it\/faris\/wp-content\/uploads\/2021\/03\/FARIS-LOGO-WEB-SITE-payoff-490x109.png","width":494,"height":110,"caption":"Faris"},"image":{"@id":"https:\/\/www.fondazioneaibi.it\/faris\/#\/schema\/logo\/image\/"}},{"@type":"Person","@id":"https:\/\/www.fondazioneaibi.it\/faris\/#\/schema\/person\/ad772d30be3e6bd1b1919619ef0ecb8d","name":"francescoE","image":{"@type":"ImageObject","inLanguage":"it-IT","@id":"https:\/\/www.fondazioneaibi.it\/faris\/#\/schema\/person\/image\/","url":"https:\/\/secure.gravatar.com\/avatar\/eb25bc3259115f3cc20fd1978e06816ae94cd44934e33996da7a734be3641d43?s=96&d=mm&r=g","contentUrl":"https:\/\/secure.gravatar.com\/avatar\/eb25bc3259115f3cc20fd1978e06816ae94cd44934e33996da7a734be3641d43?s=96&d=mm&r=g","caption":"francescoE"},"url":"https:\/\/www.fondazioneaibi.it\/faris\/author\/francescoe\/"}]}},"_links":{"self":[{"href":"https:\/\/www.fondazioneaibi.it\/faris\/wp-json\/wp\/v2\/posts\/5760","targetHints":{"allow":["GET"]}}],"collection":[{"href":"https:\/\/www.fondazioneaibi.it\/faris\/wp-json\/wp\/v2\/posts"}],"about":[{"href":"https:\/\/www.fondazioneaibi.it\/faris\/wp-json\/wp\/v2\/types\/post"}],"author":[{"embeddable":true,"href":"https:\/\/www.fondazioneaibi.it\/faris\/wp-json\/wp\/v2\/users\/18"}],"replies":[{"embeddable":true,"href":"https:\/\/www.fondazioneaibi.it\/faris\/wp-json\/wp\/v2\/comments?post=5760"}],"version-history":[{"count":6,"href":"https:\/\/www.fondazioneaibi.it\/faris\/wp-json\/wp\/v2\/posts\/5760\/revisions"}],"predecessor-version":[{"id":5828,"href":"https:\/\/www.fondazioneaibi.it\/faris\/wp-json\/wp\/v2\/posts\/5760\/revisions\/5828"}],"wp:featuredmedia":[{"embeddable":true,"href":"https:\/\/www.fondazioneaibi.it\/faris\/wp-json\/wp\/v2\/media\/5761"}],"wp:attachment":[{"href":"https:\/\/www.fondazioneaibi.it\/faris\/wp-json\/wp\/v2\/media?parent=5760"}],"wp:term":[{"taxonomy":"category","embeddable":true,"href":"https:\/\/www.fondazioneaibi.it\/faris\/wp-json\/wp\/v2\/categories?post=5760"},{"taxonomy":"post_tag","embeddable":true,"href":"https:\/\/www.fondazioneaibi.it\/faris\/wp-json\/wp\/v2\/tags?post=5760"}],"curies":[{"name":"wp","href":"https:\/\/api.w.org\/{rel}","templated":true}]}}