{"id":5756,"date":"2021-04-21T10:19:07","date_gmt":"2021-04-21T08:19:07","guid":{"rendered":"https:\/\/www.fondazioneaibi.it\/faris\/?p=5756"},"modified":"2021-04-21T15:57:38","modified_gmt":"2021-04-21T13:57:38","slug":"ricerca-delle-origini-webinar-parlarne-genitori-figli-operatori","status":"publish","type":"post","link":"https:\/\/www.fondazioneaibi.it\/faris\/ricerca-delle-origini-webinar-parlarne-genitori-figli-operatori\/","title":{"rendered":"La ricerca delle origini. Un webinar per parlarne con genitori, figli e operatori"},"content":{"rendered":"<h2>\u00c8 in programma per mercoled\u00ec 21 aprile l\u2019incontro organizzato da Ai.Bi. e Faris, con il sostegno del Comune di Venezia, per discutere di \u201cdove cercare realmente le origini dell\u2019adozione internazionale\u201d<\/h2>\n<p>La domanda, prima o poi, se la pongono tutti i figli adottivi: qual \u00e8 realmente l\u2019<strong>origine della mia adozione<\/strong>? Qual \u00e8 la storia da cui provengo? Il popolo cui originariamente appartengo?<br \/>\nDomande non facili, ma che lungi dall\u2019essere un \u201costacolo\u201d all\u2019interno della relazione familiare, sono un\u2019<strong>occasione per mettersi in dialogo<\/strong> e per innescare strategie che, se vissute in maniera corretta, spesso sono migliorative dei rapporti familiari.<br \/>\n\u00c8 questo il tema del webinar \u201c<strong>Sulle orme della mia adozione<\/strong>\u201d organizzato da Ai.Bi. con la collaborazione di Faris e il sostegno del Comune di Venezia, che si terr\u00e0 mercoled\u00ec 21 aprile, dalle 16.00 alle 19.00, sulla piattaforma zoom.<br \/>\nAlla chiusura delle iscrizioni sono stati compilati <strong>289 form<\/strong>, per un pubblico potenziale dichiarato di <strong>610<\/strong> persone.<\/p>\n<p><strong>Il programma del webinar Sulle orme della mia adozione<\/strong><\/p>\n<p>Dopo l\u2019introduzione di <strong>Gianmario Fogliazza<\/strong>, coordinatore del centro studi La Pietra Scartata, e i saluti istituzionali del sindaco di Venezia <strong>Luigi Brugnaro<\/strong>, interverranno i giudici onorari del Tribunale per i minorenni di Venezia <strong>Giuseppe Cifarelli<\/strong> e <strong>Barbara Segatto<\/strong> che inquadreranno la questione dal punto di vista giuridico.<br \/>\nSar\u00e0 poi la volta di <strong>Marta Casonato<\/strong>, psicologa e dottore di ricerca del servizio regionale adozioni internazionali della Regione Piemonte. Focus del suo \u201c<strong>Navigare alla ricerca delle origini<\/strong>\u201d sar\u00e0 il ruolo di Internet all\u2019interno di questa dinamica. \u201cLa <strong>Rete<\/strong> \u00e8 una grande opportunit\u00e0 \u2013 spiega Casonato &#8211; perch\u00e9 ha aperto tante possibilit\u00e0 in pi\u00f9 in termini di facilit\u00e0 di ricerca, ma comporta anche dei rischi. La Rete ha delle caratteristiche comunicative che legate al tema della ricerca delle origini, possono diventare delicate\u201d. Si parler\u00e0, dunque, delle opportunit\u00e0 che offre la rete, degli scenari che apre e di come i figli adottati la utilizzano per cercare le proprie origini, ma anche di quali siano i <strong>rischi<\/strong> del Web e come cercare di evitarli.<\/p>\n<p>Il programma, a questo punto, prevede le testimonianze di due figli adottivi, <strong>Cristina<\/strong> <strong>Legnani<\/strong> e <strong>Marco Carretta<\/strong>, che precedono l\u2019intervento di <strong>Francesco Belletti<\/strong>, direttore del CISF, Centro Internazionale Studi Famiglia.<br \/>\nAnche quest\u2019ultimo porr\u00e0 al centro della sua relaziona la domanda sulla ricerca delle origini da parte dei figli adottivi e l\u2019<strong>impatto<\/strong> che questa pu\u00f2 avere all\u2019interno delle <strong>relazioni familiari<\/strong>. Il suo studio si basa sull\u2019osservazione di quanto emerso da un\u2019importante ricerca, voluta e condotta dal movimento Ai.Bi. Amici dei Bambini in collaborazione con la Comunit\u00e0 Shalom di Brescia, ascoltando ben oltre 60 storie personali e familiari. A partire da qui Belletti parler\u00e0 di come ogni figlio si ponga la domanda sulle proprie origini in tempi e modi diversi e delle <strong>strategie<\/strong> che le famiglie possono mettere in atto per aiutare i figli a trovare delle risposte.<\/p>\n<p>A chiudere il tutto sar\u00e0, infine, il Presidente di Ai.Bi. <strong>Marco Griffini<\/strong>, che affronter\u00e0 il tema del convegno con un taglio assolutamente innovativo e inedito.<\/p>\n","protected":false},"excerpt":{"rendered":"<p>\u00c8 in programma per mercoled\u00ec 21 aprile l\u2019incontro organizzato da Ai.Bi. e Faris, con il sostegno del Comune di Venezia, per discutere di \u201cdove cercare realmente le origini dell\u2019adozione internazionale\u201d La domanda, prima o poi, se la pongono tutti i figli adottivi: qual \u00e8 realmente l\u2019origine della mia adozione? Qual \u00e8 la storia da cui [&hellip;]<\/p>\n","protected":false},"author":18,"featured_media":5757,"comment_status":"open","ping_status":"open","sticky":false,"template":"","format":"standard","meta":{"footnotes":""},"categories":[1],"tags":[133],"class_list":["post-5756","post","type-post","status-publish","format-standard","has-post-thumbnail","hentry","category-news","tag-adolescenti"],"yoast_head":"<!-- This site is optimized with the Yoast SEO plugin v26.9 - https:\/\/yoast.com\/product\/yoast-seo-wordpress\/ -->\n<title>La ricerca delle origini. Un webinar per parlarne insieme<\/title>\n<meta name=\"description\" content=\"Un incontro organizzato da Ai.Bi. e Faris, col sostegno del Comune di Venezia, per discutere di \u201cdove cercare le origini dell\u2019adozione internazionale\u201d\" \/>\n<meta name=\"robots\" content=\"index, follow, max-snippet:-1, max-image-preview:large, max-video-preview:-1\" \/>\n<link rel=\"canonical\" href=\"https:\/\/www.fondazioneaibi.it\/faris\/ricerca-delle-origini-webinar-parlarne-genitori-figli-operatori\/\" \/>\n<meta property=\"og:locale\" content=\"it_IT\" \/>\n<meta property=\"og:type\" content=\"article\" \/>\n<meta property=\"og:title\" content=\"La ricerca delle origini. Un webinar per parlarne insieme\" \/>\n<meta property=\"og:description\" content=\"Un incontro organizzato da Ai.Bi. e Faris, col sostegno del Comune di Venezia, per discutere di \u201cdove cercare le origini dell\u2019adozione internazionale\u201d\" \/>\n<meta property=\"og:url\" content=\"https:\/\/www.fondazioneaibi.it\/faris\/ricerca-delle-origini-webinar-parlarne-genitori-figli-operatori\/\" \/>\n<meta property=\"og:site_name\" content=\"Faris\" \/>\n<meta property=\"article:published_time\" content=\"2021-04-21T08:19:07+00:00\" \/>\n<meta property=\"article:modified_time\" content=\"2021-04-21T13:57:38+00:00\" \/>\n<meta property=\"og:image\" content=\"https:\/\/www.fondazioneaibi.it\/faris\/wp-content\/uploads\/2021\/04\/Orme-mia-adozione.jpg\" \/>\n\t<meta property=\"og:image:width\" content=\"1200\" \/>\n\t<meta property=\"og:image:height\" content=\"630\" \/>\n\t<meta property=\"og:image:type\" content=\"image\/jpeg\" \/>\n<meta name=\"author\" content=\"francescoE\" \/>\n<meta name=\"twitter:card\" content=\"summary_large_image\" \/>\n<meta name=\"twitter:label1\" content=\"Scritto da\" \/>\n\t<meta name=\"twitter:data1\" content=\"francescoE\" \/>\n\t<meta name=\"twitter:label2\" content=\"Tempo di lettura stimato\" \/>\n\t<meta name=\"twitter:data2\" content=\"3 minuti\" \/>\n<script type=\"application\/ld+json\" class=\"yoast-schema-graph\">{\"@context\":\"https:\/\/schema.org\",\"@graph\":[{\"@type\":\"Article\",\"@id\":\"https:\/\/www.fondazioneaibi.it\/faris\/ricerca-delle-origini-webinar-parlarne-genitori-figli-operatori\/#article\",\"isPartOf\":{\"@id\":\"https:\/\/www.fondazioneaibi.it\/faris\/ricerca-delle-origini-webinar-parlarne-genitori-figli-operatori\/\"},\"author\":{\"name\":\"francescoE\",\"@id\":\"https:\/\/www.fondazioneaibi.it\/faris\/#\/schema\/person\/ad772d30be3e6bd1b1919619ef0ecb8d\"},\"headline\":\"La ricerca delle origini. Un webinar per parlarne con genitori, figli e operatori\",\"datePublished\":\"2021-04-21T08:19:07+00:00\",\"dateModified\":\"2021-04-21T13:57:38+00:00\",\"mainEntityOfPage\":{\"@id\":\"https:\/\/www.fondazioneaibi.it\/faris\/ricerca-delle-origini-webinar-parlarne-genitori-figli-operatori\/\"},\"wordCount\":509,\"commentCount\":0,\"publisher\":{\"@id\":\"https:\/\/www.fondazioneaibi.it\/faris\/#organization\"},\"image\":{\"@id\":\"https:\/\/www.fondazioneaibi.it\/faris\/ricerca-delle-origini-webinar-parlarne-genitori-figli-operatori\/#primaryimage\"},\"thumbnailUrl\":\"https:\/\/www.fondazioneaibi.it\/faris\/wp-content\/uploads\/2021\/04\/Orme-mia-adozione.jpg\",\"keywords\":[\"adolescenti\"],\"articleSection\":[\"News\"],\"inLanguage\":\"it-IT\",\"potentialAction\":[{\"@type\":\"CommentAction\",\"name\":\"Comment\",\"target\":[\"https:\/\/www.fondazioneaibi.it\/faris\/ricerca-delle-origini-webinar-parlarne-genitori-figli-operatori\/#respond\"]}]},{\"@type\":\"WebPage\",\"@id\":\"https:\/\/www.fondazioneaibi.it\/faris\/ricerca-delle-origini-webinar-parlarne-genitori-figli-operatori\/\",\"url\":\"https:\/\/www.fondazioneaibi.it\/faris\/ricerca-delle-origini-webinar-parlarne-genitori-figli-operatori\/\",\"name\":\"La ricerca delle origini. Un webinar per parlarne insieme\",\"isPartOf\":{\"@id\":\"https:\/\/www.fondazioneaibi.it\/faris\/#website\"},\"primaryImageOfPage\":{\"@id\":\"https:\/\/www.fondazioneaibi.it\/faris\/ricerca-delle-origini-webinar-parlarne-genitori-figli-operatori\/#primaryimage\"},\"image\":{\"@id\":\"https:\/\/www.fondazioneaibi.it\/faris\/ricerca-delle-origini-webinar-parlarne-genitori-figli-operatori\/#primaryimage\"},\"thumbnailUrl\":\"https:\/\/www.fondazioneaibi.it\/faris\/wp-content\/uploads\/2021\/04\/Orme-mia-adozione.jpg\",\"datePublished\":\"2021-04-21T08:19:07+00:00\",\"dateModified\":\"2021-04-21T13:57:38+00:00\",\"description\":\"Un incontro organizzato da Ai.Bi. e Faris, col sostegno del Comune di Venezia, per discutere di \u201cdove cercare le origini dell\u2019adozione internazionale\u201d\",\"breadcrumb\":{\"@id\":\"https:\/\/www.fondazioneaibi.it\/faris\/ricerca-delle-origini-webinar-parlarne-genitori-figli-operatori\/#breadcrumb\"},\"inLanguage\":\"it-IT\",\"potentialAction\":[{\"@type\":\"ReadAction\",\"target\":[\"https:\/\/www.fondazioneaibi.it\/faris\/ricerca-delle-origini-webinar-parlarne-genitori-figli-operatori\/\"]}]},{\"@type\":\"ImageObject\",\"inLanguage\":\"it-IT\",\"@id\":\"https:\/\/www.fondazioneaibi.it\/faris\/ricerca-delle-origini-webinar-parlarne-genitori-figli-operatori\/#primaryimage\",\"url\":\"https:\/\/www.fondazioneaibi.it\/faris\/wp-content\/uploads\/2021\/04\/Orme-mia-adozione.jpg\",\"contentUrl\":\"https:\/\/www.fondazioneaibi.it\/faris\/wp-content\/uploads\/2021\/04\/Orme-mia-adozione.jpg\",\"width\":1200,\"height\":630},{\"@type\":\"BreadcrumbList\",\"@id\":\"https:\/\/www.fondazioneaibi.it\/faris\/ricerca-delle-origini-webinar-parlarne-genitori-figli-operatori\/#breadcrumb\",\"itemListElement\":[{\"@type\":\"ListItem\",\"position\":1,\"name\":\"Home\",\"item\":\"https:\/\/www.fondazioneaibi.it\/faris\/\"},{\"@type\":\"ListItem\",\"position\":2,\"name\":\"La ricerca delle origini. Un webinar per parlarne con genitori, figli e operatori\"}]},{\"@type\":\"WebSite\",\"@id\":\"https:\/\/www.fondazioneaibi.it\/faris\/#website\",\"url\":\"https:\/\/www.fondazioneaibi.it\/faris\/\",\"name\":\"Faris\",\"description\":\"Faris\",\"publisher\":{\"@id\":\"https:\/\/www.fondazioneaibi.it\/faris\/#organization\"},\"potentialAction\":[{\"@type\":\"SearchAction\",\"target\":{\"@type\":\"EntryPoint\",\"urlTemplate\":\"https:\/\/www.fondazioneaibi.it\/faris\/?s={search_term_string}\"},\"query-input\":{\"@type\":\"PropertyValueSpecification\",\"valueRequired\":true,\"valueName\":\"search_term_string\"}}],\"inLanguage\":\"it-IT\"},{\"@type\":\"Organization\",\"@id\":\"https:\/\/www.fondazioneaibi.it\/faris\/#organization\",\"name\":\"Faris\",\"url\":\"https:\/\/www.fondazioneaibi.it\/faris\/\",\"logo\":{\"@type\":\"ImageObject\",\"inLanguage\":\"it-IT\",\"@id\":\"https:\/\/www.fondazioneaibi.it\/faris\/#\/schema\/logo\/image\/\",\"url\":\"https:\/\/www.fondazioneaibi.it\/faris\/wp-content\/uploads\/2021\/03\/FARIS-LOGO-WEB-SITE-payoff-490x109.png\",\"contentUrl\":\"https:\/\/www.fondazioneaibi.it\/faris\/wp-content\/uploads\/2021\/03\/FARIS-LOGO-WEB-SITE-payoff-490x109.png\",\"width\":494,\"height\":110,\"caption\":\"Faris\"},\"image\":{\"@id\":\"https:\/\/www.fondazioneaibi.it\/faris\/#\/schema\/logo\/image\/\"}},{\"@type\":\"Person\",\"@id\":\"https:\/\/www.fondazioneaibi.it\/faris\/#\/schema\/person\/ad772d30be3e6bd1b1919619ef0ecb8d\",\"name\":\"francescoE\",\"image\":{\"@type\":\"ImageObject\",\"inLanguage\":\"it-IT\",\"@id\":\"https:\/\/www.fondazioneaibi.it\/faris\/#\/schema\/person\/image\/\",\"url\":\"https:\/\/secure.gravatar.com\/avatar\/eb25bc3259115f3cc20fd1978e06816ae94cd44934e33996da7a734be3641d43?s=96&d=mm&r=g\",\"contentUrl\":\"https:\/\/secure.gravatar.com\/avatar\/eb25bc3259115f3cc20fd1978e06816ae94cd44934e33996da7a734be3641d43?s=96&d=mm&r=g\",\"caption\":\"francescoE\"},\"url\":\"https:\/\/www.fondazioneaibi.it\/faris\/author\/francescoe\/\"}]}<\/script>\n<!-- \/ Yoast SEO plugin. -->","yoast_head_json":{"title":"La ricerca delle origini. Un webinar per parlarne insieme","description":"Un incontro organizzato da Ai.Bi. e Faris, col sostegno del Comune di Venezia, per discutere di \u201cdove cercare le origini dell\u2019adozione internazionale\u201d","robots":{"index":"index","follow":"follow","max-snippet":"max-snippet:-1","max-image-preview":"max-image-preview:large","max-video-preview":"max-video-preview:-1"},"canonical":"https:\/\/www.fondazioneaibi.it\/faris\/ricerca-delle-origini-webinar-parlarne-genitori-figli-operatori\/","og_locale":"it_IT","og_type":"article","og_title":"La ricerca delle origini. Un webinar per parlarne insieme","og_description":"Un incontro organizzato da Ai.Bi. e Faris, col sostegno del Comune di Venezia, per discutere di \u201cdove cercare le origini dell\u2019adozione internazionale\u201d","og_url":"https:\/\/www.fondazioneaibi.it\/faris\/ricerca-delle-origini-webinar-parlarne-genitori-figli-operatori\/","og_site_name":"Faris","article_published_time":"2021-04-21T08:19:07+00:00","article_modified_time":"2021-04-21T13:57:38+00:00","og_image":[{"width":1200,"height":630,"url":"https:\/\/www.fondazioneaibi.it\/faris\/wp-content\/uploads\/2021\/04\/Orme-mia-adozione.jpg","type":"image\/jpeg"}],"author":"francescoE","twitter_card":"summary_large_image","twitter_misc":{"Scritto da":"francescoE","Tempo di lettura stimato":"3 minuti"},"schema":{"@context":"https:\/\/schema.org","@graph":[{"@type":"Article","@id":"https:\/\/www.fondazioneaibi.it\/faris\/ricerca-delle-origini-webinar-parlarne-genitori-figli-operatori\/#article","isPartOf":{"@id":"https:\/\/www.fondazioneaibi.it\/faris\/ricerca-delle-origini-webinar-parlarne-genitori-figli-operatori\/"},"author":{"name":"francescoE","@id":"https:\/\/www.fondazioneaibi.it\/faris\/#\/schema\/person\/ad772d30be3e6bd1b1919619ef0ecb8d"},"headline":"La ricerca delle origini. Un webinar per parlarne con genitori, figli e operatori","datePublished":"2021-04-21T08:19:07+00:00","dateModified":"2021-04-21T13:57:38+00:00","mainEntityOfPage":{"@id":"https:\/\/www.fondazioneaibi.it\/faris\/ricerca-delle-origini-webinar-parlarne-genitori-figli-operatori\/"},"wordCount":509,"commentCount":0,"publisher":{"@id":"https:\/\/www.fondazioneaibi.it\/faris\/#organization"},"image":{"@id":"https:\/\/www.fondazioneaibi.it\/faris\/ricerca-delle-origini-webinar-parlarne-genitori-figli-operatori\/#primaryimage"},"thumbnailUrl":"https:\/\/www.fondazioneaibi.it\/faris\/wp-content\/uploads\/2021\/04\/Orme-mia-adozione.jpg","keywords":["adolescenti"],"articleSection":["News"],"inLanguage":"it-IT","potentialAction":[{"@type":"CommentAction","name":"Comment","target":["https:\/\/www.fondazioneaibi.it\/faris\/ricerca-delle-origini-webinar-parlarne-genitori-figli-operatori\/#respond"]}]},{"@type":"WebPage","@id":"https:\/\/www.fondazioneaibi.it\/faris\/ricerca-delle-origini-webinar-parlarne-genitori-figli-operatori\/","url":"https:\/\/www.fondazioneaibi.it\/faris\/ricerca-delle-origini-webinar-parlarne-genitori-figli-operatori\/","name":"La ricerca delle origini. Un webinar per parlarne insieme","isPartOf":{"@id":"https:\/\/www.fondazioneaibi.it\/faris\/#website"},"primaryImageOfPage":{"@id":"https:\/\/www.fondazioneaibi.it\/faris\/ricerca-delle-origini-webinar-parlarne-genitori-figli-operatori\/#primaryimage"},"image":{"@id":"https:\/\/www.fondazioneaibi.it\/faris\/ricerca-delle-origini-webinar-parlarne-genitori-figli-operatori\/#primaryimage"},"thumbnailUrl":"https:\/\/www.fondazioneaibi.it\/faris\/wp-content\/uploads\/2021\/04\/Orme-mia-adozione.jpg","datePublished":"2021-04-21T08:19:07+00:00","dateModified":"2021-04-21T13:57:38+00:00","description":"Un incontro organizzato da Ai.Bi. e Faris, col sostegno del Comune di Venezia, per discutere di \u201cdove cercare le origini dell\u2019adozione internazionale\u201d","breadcrumb":{"@id":"https:\/\/www.fondazioneaibi.it\/faris\/ricerca-delle-origini-webinar-parlarne-genitori-figli-operatori\/#breadcrumb"},"inLanguage":"it-IT","potentialAction":[{"@type":"ReadAction","target":["https:\/\/www.fondazioneaibi.it\/faris\/ricerca-delle-origini-webinar-parlarne-genitori-figli-operatori\/"]}]},{"@type":"ImageObject","inLanguage":"it-IT","@id":"https:\/\/www.fondazioneaibi.it\/faris\/ricerca-delle-origini-webinar-parlarne-genitori-figli-operatori\/#primaryimage","url":"https:\/\/www.fondazioneaibi.it\/faris\/wp-content\/uploads\/2021\/04\/Orme-mia-adozione.jpg","contentUrl":"https:\/\/www.fondazioneaibi.it\/faris\/wp-content\/uploads\/2021\/04\/Orme-mia-adozione.jpg","width":1200,"height":630},{"@type":"BreadcrumbList","@id":"https:\/\/www.fondazioneaibi.it\/faris\/ricerca-delle-origini-webinar-parlarne-genitori-figli-operatori\/#breadcrumb","itemListElement":[{"@type":"ListItem","position":1,"name":"Home","item":"https:\/\/www.fondazioneaibi.it\/faris\/"},{"@type":"ListItem","position":2,"name":"La ricerca delle origini. Un webinar per parlarne con genitori, figli e operatori"}]},{"@type":"WebSite","@id":"https:\/\/www.fondazioneaibi.it\/faris\/#website","url":"https:\/\/www.fondazioneaibi.it\/faris\/","name":"Faris","description":"Faris","publisher":{"@id":"https:\/\/www.fondazioneaibi.it\/faris\/#organization"},"potentialAction":[{"@type":"SearchAction","target":{"@type":"EntryPoint","urlTemplate":"https:\/\/www.fondazioneaibi.it\/faris\/?s={search_term_string}"},"query-input":{"@type":"PropertyValueSpecification","valueRequired":true,"valueName":"search_term_string"}}],"inLanguage":"it-IT"},{"@type":"Organization","@id":"https:\/\/www.fondazioneaibi.it\/faris\/#organization","name":"Faris","url":"https:\/\/www.fondazioneaibi.it\/faris\/","logo":{"@type":"ImageObject","inLanguage":"it-IT","@id":"https:\/\/www.fondazioneaibi.it\/faris\/#\/schema\/logo\/image\/","url":"https:\/\/www.fondazioneaibi.it\/faris\/wp-content\/uploads\/2021\/03\/FARIS-LOGO-WEB-SITE-payoff-490x109.png","contentUrl":"https:\/\/www.fondazioneaibi.it\/faris\/wp-content\/uploads\/2021\/03\/FARIS-LOGO-WEB-SITE-payoff-490x109.png","width":494,"height":110,"caption":"Faris"},"image":{"@id":"https:\/\/www.fondazioneaibi.it\/faris\/#\/schema\/logo\/image\/"}},{"@type":"Person","@id":"https:\/\/www.fondazioneaibi.it\/faris\/#\/schema\/person\/ad772d30be3e6bd1b1919619ef0ecb8d","name":"francescoE","image":{"@type":"ImageObject","inLanguage":"it-IT","@id":"https:\/\/www.fondazioneaibi.it\/faris\/#\/schema\/person\/image\/","url":"https:\/\/secure.gravatar.com\/avatar\/eb25bc3259115f3cc20fd1978e06816ae94cd44934e33996da7a734be3641d43?s=96&d=mm&r=g","contentUrl":"https:\/\/secure.gravatar.com\/avatar\/eb25bc3259115f3cc20fd1978e06816ae94cd44934e33996da7a734be3641d43?s=96&d=mm&r=g","caption":"francescoE"},"url":"https:\/\/www.fondazioneaibi.it\/faris\/author\/francescoe\/"}]}},"_links":{"self":[{"href":"https:\/\/www.fondazioneaibi.it\/faris\/wp-json\/wp\/v2\/posts\/5756","targetHints":{"allow":["GET"]}}],"collection":[{"href":"https:\/\/www.fondazioneaibi.it\/faris\/wp-json\/wp\/v2\/posts"}],"about":[{"href":"https:\/\/www.fondazioneaibi.it\/faris\/wp-json\/wp\/v2\/types\/post"}],"author":[{"embeddable":true,"href":"https:\/\/www.fondazioneaibi.it\/faris\/wp-json\/wp\/v2\/users\/18"}],"replies":[{"embeddable":true,"href":"https:\/\/www.fondazioneaibi.it\/faris\/wp-json\/wp\/v2\/comments?post=5756"}],"version-history":[{"count":3,"href":"https:\/\/www.fondazioneaibi.it\/faris\/wp-json\/wp\/v2\/posts\/5756\/revisions"}],"predecessor-version":[{"id":5772,"href":"https:\/\/www.fondazioneaibi.it\/faris\/wp-json\/wp\/v2\/posts\/5756\/revisions\/5772"}],"wp:featuredmedia":[{"embeddable":true,"href":"https:\/\/www.fondazioneaibi.it\/faris\/wp-json\/wp\/v2\/media\/5757"}],"wp:attachment":[{"href":"https:\/\/www.fondazioneaibi.it\/faris\/wp-json\/wp\/v2\/media?parent=5756"}],"wp:term":[{"taxonomy":"category","embeddable":true,"href":"https:\/\/www.fondazioneaibi.it\/faris\/wp-json\/wp\/v2\/categories?post=5756"},{"taxonomy":"post_tag","embeddable":true,"href":"https:\/\/www.fondazioneaibi.it\/faris\/wp-json\/wp\/v2\/tags?post=5756"}],"curies":[{"name":"wp","href":"https:\/\/api.w.org\/{rel}","templated":true}]}}