{"id":5725,"date":"2021-04-24T10:06:00","date_gmt":"2021-04-24T08:06:00","guid":{"rendered":"https:\/\/www.fondazioneaibi.it\/faris\/?p=5725"},"modified":"2021-04-27T11:10:25","modified_gmt":"2021-04-27T09:10:25","slug":"faris-webinar-capire-ri-conoscere-figli-adolescenti","status":"publish","type":"post","link":"https:\/\/www.fondazioneaibi.it\/faris\/faris-webinar-capire-ri-conoscere-figli-adolescenti\/","title":{"rendered":"Mercoled\u00ec 28 aprile un webinar per capire e ri-conoscere i propri figli adolescenti"},"content":{"rendered":"<h2>In programma per mercoled\u00ec 28 aprile l\u2019incontro per discutere e riflettere sul delicato tema dell\u2019adolescenza. Un&#8217;et\u00e0 di passaggio da comprendere per tutelare il futuro dei figli e\u2026 &#8220;nostro&#8221;<\/h2>\n<p>In questi giorni si parla di riaperture e ritorni a scuola, da un lato, mentre dall\u2019altro si sottolineano i rischi di contagi in aumento tra i giovani e la paura che le scuole stesse diventino focolai pericolosi. Davanti a questo scenario, \u00e8 inevitabile che i nostri bambini e ragazzi si sentano <strong>frastornati<\/strong>, vogliosi di tornare alla normalit\u00e0 ma anche <strong>spaventati<\/strong> di non poterlo fare o, peggio, non <strong>essere pi\u00f9 in grado<\/strong> di farlo. Mentre, a sovrastare ogni pensiero, sullo sfondo aleggia sempre lo spettro di un peggioramento che costringa nuovamente tutti a chiudersi in casa per un altro lock-down.<\/p>\n<h3>Incertezze tipiche dell&#8217;et\u00e0 amplificate dalla situazione<\/h3>\n<p>Eppure, queste <strong>prime giornate dal sapore primaverile<\/strong> ci stavano portando gioia e voglia di tornare a un po&#8217; di <strong>normalit\u00e0<\/strong>. In un parco cittadino, ieri, una ragazzina adolescente si apprestava a colpire con una battuta un pallone da pallavolo. Mentre compiva questo gesto, urlava: \u201cVoglio tornare a giocare!!\u201d. La palla veniva intercettata con un bagher da una sua amica che rispondeva con enfasi: &#8220;Anch&#8217;io!&#8221;.<\/p>\n<p>I &#8220;nostri&#8221; adolescenti non se la passano tanto bene. Non \u00e8 solo una questione di virus, \u00e8, a mio parere, una questione di <strong>gerarchia<\/strong>. E in questa scala gerarchica, loro sono finiti in fondo. Meriterebbero pi\u00f9 di un bonus, pi\u00f9 di un\u2019attenzione, perch\u00e9 <strong>i &#8220;nostri&#8221; adolescenti sono il &#8220;nostro futuro prossimo&#8221;.<\/strong> Se non ci interessiamo a loro, il nostro prossimo futuro non sar\u00e0 migliore dell\u2019attuale presente.<br \/>Ritengo importante dar loro un nuovo spazio di protagonismo, partendo dal loro essere in famiglia. Quando un figlio cresce, passando dall\u2019et\u00e0 della fanciullezza a quello dell\u2019adolescenza, un genitore si trova di fronte a una nuovo figlio che <strong>fatica a riconoscere<\/strong>. \u00c8 per\u00f2 necessario ri-conoscerlo, ovvero conoscerlo di nuovo. Per <strong>volergli bene<\/strong>. \u00c8 quasi scontato che un genitore voglia bene al proprio figlio adolescente ma non \u00e8 forse vero che aumentano tensioni, nervosismi, stati d\u2019animo altalenanti come se si fosse in mezzo a un mare in burrasca?<\/p>\n<p>Cos\u00ec mi confid\u00f2 un giorno una mamma di una ragazzina 15enne: &#8220;Quando si avvicina l\u2019orario di rientro da scuola di mia figlia, mi sento come chi si affaccia a una finestra per vedere che tempo fa, con la speranza che i tuoni in lontananza non si trasformino in un violento temporale!&#8221;.<\/p>\n<h3>Adolescenti: tra cielo sereno e temporali improvvisi<\/h3>\n<p>In effetti, gli <strong>adolescenti sono turbolenti<\/strong> come un temporale e il loro stato d\u2019animo \u00e8 in grado di passare in breve tempo da dolce a nevrotico, cos\u00ec come una giornata di sole primaverile pu\u00f2 trasformarsi in pochi minuti in un nubifragio.<br \/>Bene sarebbe <strong>essere preparati<\/strong> e conoscere cosa vive un adolescente e come possiamo porci davanti a lui come genitori pronti ed accoglienti. Anche noi siamo stati adolescenti, a volte ce lo dimentichiamo!<\/p>\n<p>Ecco, allora, la proposta di un webinar pensato ad hoc per offrire nuovi spunti di riflessione ai genitori su come ri-conoscere i propri figli che vivono l\u2019et\u00e0 dell\u2019adolescenza.<\/p>\n<p>Il webinar, in programma mercoled\u00ec 28 aprile 2021, vedr\u00e0 la partecipazione del pedagogista e formatore <strong>Dott. Diego Moretti<\/strong>., coordinatore didattico FARIS.<br \/>Oltre alla parte teorica, ci sar\u00e0 spazio anche per un <strong>confronto tra i partecipanti<\/strong> sulle tematiche proposte<br \/>Per informazioni e iscrizioni, vai alla <a href=\"https:\/\/www.fondazioneaibi.it\/faris\/prodotto\/webinar-adolescenti-conoscerli-per-amarli\/\" target=\"_blank\" rel=\"noopener\">pagina dedicata<\/a><\/p>\n","protected":false},"excerpt":{"rendered":"<p>In programma per mercoled\u00ec 28 aprile l\u2019incontro per discutere e riflettere sul delicato tema dell\u2019adolescenza. Un&#8217;et\u00e0 di passaggio da comprendere per tutelare il futuro dei figli e\u2026 &#8220;nostro&#8221; In questi giorni si parla di riaperture e ritorni a scuola, da un lato, mentre dall\u2019altro si sottolineano i rischi di contagi in aumento tra i giovani [&hellip;]<\/p>\n","protected":false},"author":18,"featured_media":5742,"comment_status":"open","ping_status":"open","sticky":false,"template":"","format":"standard","meta":{"footnotes":""},"categories":[1],"tags":[],"class_list":["post-5725","post","type-post","status-publish","format-standard","has-post-thumbnail","hentry","category-news"],"yoast_head":"<!-- This site is optimized with the Yoast SEO plugin v26.9 - https:\/\/yoast.com\/product\/yoast-seo-wordpress\/ -->\n<title>Un webinar per capire e ri-conoscere i propri figli adolescenti<\/title>\n<meta name=\"description\" content=\"Mercoled\u00ec 28 aprile un incontro per riflettere sul tema dell\u2019adolescenza. Un\u2019et\u00e0 di passaggio da comprendere per tutelare il futuro dei figli e\u2026 \u201cnostro\u201d\" \/>\n<meta name=\"robots\" content=\"index, follow, max-snippet:-1, max-image-preview:large, max-video-preview:-1\" \/>\n<link rel=\"canonical\" href=\"https:\/\/www.fondazioneaibi.it\/faris\/faris-webinar-capire-ri-conoscere-figli-adolescenti\/\" \/>\n<meta property=\"og:locale\" content=\"it_IT\" \/>\n<meta property=\"og:type\" content=\"article\" \/>\n<meta property=\"og:title\" content=\"Un webinar per capire e ri-conoscere i propri figli adolescenti\" \/>\n<meta property=\"og:description\" content=\"Mercoled\u00ec 28 aprile un incontro per riflettere sul tema dell\u2019adolescenza. Un\u2019et\u00e0 di passaggio da comprendere per tutelare il futuro dei figli e\u2026 \u201cnostro\u201d\" \/>\n<meta property=\"og:url\" content=\"https:\/\/www.fondazioneaibi.it\/faris\/faris-webinar-capire-ri-conoscere-figli-adolescenti\/\" \/>\n<meta property=\"og:site_name\" content=\"Faris\" \/>\n<meta property=\"article:published_time\" content=\"2021-04-24T08:06:00+00:00\" \/>\n<meta property=\"article:modified_time\" content=\"2021-04-27T09:10:25+00:00\" \/>\n<meta property=\"og:image\" content=\"https:\/\/www.fondazioneaibi.it\/faris\/wp-content\/uploads\/2021\/04\/adolescenti-webinar-faris.jpg\" \/>\n\t<meta property=\"og:image:width\" content=\"1200\" \/>\n\t<meta property=\"og:image:height\" content=\"630\" \/>\n\t<meta property=\"og:image:type\" content=\"image\/jpeg\" \/>\n<meta name=\"author\" content=\"francescoE\" \/>\n<meta name=\"twitter:card\" content=\"summary_large_image\" \/>\n<meta name=\"twitter:label1\" content=\"Scritto da\" \/>\n\t<meta name=\"twitter:data1\" content=\"francescoE\" \/>\n\t<meta name=\"twitter:label2\" content=\"Tempo di lettura stimato\" \/>\n\t<meta name=\"twitter:data2\" content=\"3 minuti\" \/>\n<script type=\"application\/ld+json\" class=\"yoast-schema-graph\">{\"@context\":\"https:\/\/schema.org\",\"@graph\":[{\"@type\":\"Article\",\"@id\":\"https:\/\/www.fondazioneaibi.it\/faris\/faris-webinar-capire-ri-conoscere-figli-adolescenti\/#article\",\"isPartOf\":{\"@id\":\"https:\/\/www.fondazioneaibi.it\/faris\/faris-webinar-capire-ri-conoscere-figli-adolescenti\/\"},\"author\":{\"name\":\"francescoE\",\"@id\":\"https:\/\/www.fondazioneaibi.it\/faris\/#\/schema\/person\/ad772d30be3e6bd1b1919619ef0ecb8d\"},\"headline\":\"Mercoled\u00ec 28 aprile un webinar per capire e ri-conoscere i propri figli adolescenti\",\"datePublished\":\"2021-04-24T08:06:00+00:00\",\"dateModified\":\"2021-04-27T09:10:25+00:00\",\"mainEntityOfPage\":{\"@id\":\"https:\/\/www.fondazioneaibi.it\/faris\/faris-webinar-capire-ri-conoscere-figli-adolescenti\/\"},\"wordCount\":567,\"commentCount\":0,\"publisher\":{\"@id\":\"https:\/\/www.fondazioneaibi.it\/faris\/#organization\"},\"image\":{\"@id\":\"https:\/\/www.fondazioneaibi.it\/faris\/faris-webinar-capire-ri-conoscere-figli-adolescenti\/#primaryimage\"},\"thumbnailUrl\":\"https:\/\/www.fondazioneaibi.it\/faris\/wp-content\/uploads\/2021\/04\/adolescenti-webinar-faris.jpg\",\"articleSection\":[\"News\"],\"inLanguage\":\"it-IT\",\"potentialAction\":[{\"@type\":\"CommentAction\",\"name\":\"Comment\",\"target\":[\"https:\/\/www.fondazioneaibi.it\/faris\/faris-webinar-capire-ri-conoscere-figli-adolescenti\/#respond\"]}]},{\"@type\":\"WebPage\",\"@id\":\"https:\/\/www.fondazioneaibi.it\/faris\/faris-webinar-capire-ri-conoscere-figli-adolescenti\/\",\"url\":\"https:\/\/www.fondazioneaibi.it\/faris\/faris-webinar-capire-ri-conoscere-figli-adolescenti\/\",\"name\":\"Un webinar per capire e ri-conoscere i propri figli adolescenti\",\"isPartOf\":{\"@id\":\"https:\/\/www.fondazioneaibi.it\/faris\/#website\"},\"primaryImageOfPage\":{\"@id\":\"https:\/\/www.fondazioneaibi.it\/faris\/faris-webinar-capire-ri-conoscere-figli-adolescenti\/#primaryimage\"},\"image\":{\"@id\":\"https:\/\/www.fondazioneaibi.it\/faris\/faris-webinar-capire-ri-conoscere-figli-adolescenti\/#primaryimage\"},\"thumbnailUrl\":\"https:\/\/www.fondazioneaibi.it\/faris\/wp-content\/uploads\/2021\/04\/adolescenti-webinar-faris.jpg\",\"datePublished\":\"2021-04-24T08:06:00+00:00\",\"dateModified\":\"2021-04-27T09:10:25+00:00\",\"description\":\"Mercoled\u00ec 28 aprile un incontro per riflettere sul tema dell\u2019adolescenza. Un\u2019et\u00e0 di passaggio da comprendere per tutelare il futuro dei figli e\u2026 \u201cnostro\u201d\",\"breadcrumb\":{\"@id\":\"https:\/\/www.fondazioneaibi.it\/faris\/faris-webinar-capire-ri-conoscere-figli-adolescenti\/#breadcrumb\"},\"inLanguage\":\"it-IT\",\"potentialAction\":[{\"@type\":\"ReadAction\",\"target\":[\"https:\/\/www.fondazioneaibi.it\/faris\/faris-webinar-capire-ri-conoscere-figli-adolescenti\/\"]}]},{\"@type\":\"ImageObject\",\"inLanguage\":\"it-IT\",\"@id\":\"https:\/\/www.fondazioneaibi.it\/faris\/faris-webinar-capire-ri-conoscere-figli-adolescenti\/#primaryimage\",\"url\":\"https:\/\/www.fondazioneaibi.it\/faris\/wp-content\/uploads\/2021\/04\/adolescenti-webinar-faris.jpg\",\"contentUrl\":\"https:\/\/www.fondazioneaibi.it\/faris\/wp-content\/uploads\/2021\/04\/adolescenti-webinar-faris.jpg\",\"width\":1200,\"height\":630},{\"@type\":\"BreadcrumbList\",\"@id\":\"https:\/\/www.fondazioneaibi.it\/faris\/faris-webinar-capire-ri-conoscere-figli-adolescenti\/#breadcrumb\",\"itemListElement\":[{\"@type\":\"ListItem\",\"position\":1,\"name\":\"Home\",\"item\":\"https:\/\/www.fondazioneaibi.it\/faris\/\"},{\"@type\":\"ListItem\",\"position\":2,\"name\":\"Mercoled\u00ec 28 aprile un webinar per capire e ri-conoscere i propri figli adolescenti\"}]},{\"@type\":\"WebSite\",\"@id\":\"https:\/\/www.fondazioneaibi.it\/faris\/#website\",\"url\":\"https:\/\/www.fondazioneaibi.it\/faris\/\",\"name\":\"Faris\",\"description\":\"Faris\",\"publisher\":{\"@id\":\"https:\/\/www.fondazioneaibi.it\/faris\/#organization\"},\"potentialAction\":[{\"@type\":\"SearchAction\",\"target\":{\"@type\":\"EntryPoint\",\"urlTemplate\":\"https:\/\/www.fondazioneaibi.it\/faris\/?s={search_term_string}\"},\"query-input\":{\"@type\":\"PropertyValueSpecification\",\"valueRequired\":true,\"valueName\":\"search_term_string\"}}],\"inLanguage\":\"it-IT\"},{\"@type\":\"Organization\",\"@id\":\"https:\/\/www.fondazioneaibi.it\/faris\/#organization\",\"name\":\"Faris\",\"url\":\"https:\/\/www.fondazioneaibi.it\/faris\/\",\"logo\":{\"@type\":\"ImageObject\",\"inLanguage\":\"it-IT\",\"@id\":\"https:\/\/www.fondazioneaibi.it\/faris\/#\/schema\/logo\/image\/\",\"url\":\"https:\/\/www.fondazioneaibi.it\/faris\/wp-content\/uploads\/2021\/03\/FARIS-LOGO-WEB-SITE-payoff-490x109.png\",\"contentUrl\":\"https:\/\/www.fondazioneaibi.it\/faris\/wp-content\/uploads\/2021\/03\/FARIS-LOGO-WEB-SITE-payoff-490x109.png\",\"width\":494,\"height\":110,\"caption\":\"Faris\"},\"image\":{\"@id\":\"https:\/\/www.fondazioneaibi.it\/faris\/#\/schema\/logo\/image\/\"}},{\"@type\":\"Person\",\"@id\":\"https:\/\/www.fondazioneaibi.it\/faris\/#\/schema\/person\/ad772d30be3e6bd1b1919619ef0ecb8d\",\"name\":\"francescoE\",\"image\":{\"@type\":\"ImageObject\",\"inLanguage\":\"it-IT\",\"@id\":\"https:\/\/www.fondazioneaibi.it\/faris\/#\/schema\/person\/image\/\",\"url\":\"https:\/\/secure.gravatar.com\/avatar\/eb25bc3259115f3cc20fd1978e06816ae94cd44934e33996da7a734be3641d43?s=96&d=mm&r=g\",\"contentUrl\":\"https:\/\/secure.gravatar.com\/avatar\/eb25bc3259115f3cc20fd1978e06816ae94cd44934e33996da7a734be3641d43?s=96&d=mm&r=g\",\"caption\":\"francescoE\"},\"url\":\"https:\/\/www.fondazioneaibi.it\/faris\/author\/francescoe\/\"}]}<\/script>\n<!-- \/ Yoast SEO plugin. -->","yoast_head_json":{"title":"Un webinar per capire e ri-conoscere i propri figli adolescenti","description":"Mercoled\u00ec 28 aprile un incontro per riflettere sul tema dell\u2019adolescenza. Un\u2019et\u00e0 di passaggio da comprendere per tutelare il futuro dei figli e\u2026 \u201cnostro\u201d","robots":{"index":"index","follow":"follow","max-snippet":"max-snippet:-1","max-image-preview":"max-image-preview:large","max-video-preview":"max-video-preview:-1"},"canonical":"https:\/\/www.fondazioneaibi.it\/faris\/faris-webinar-capire-ri-conoscere-figli-adolescenti\/","og_locale":"it_IT","og_type":"article","og_title":"Un webinar per capire e ri-conoscere i propri figli adolescenti","og_description":"Mercoled\u00ec 28 aprile un incontro per riflettere sul tema dell\u2019adolescenza. Un\u2019et\u00e0 di passaggio da comprendere per tutelare il futuro dei figli e\u2026 \u201cnostro\u201d","og_url":"https:\/\/www.fondazioneaibi.it\/faris\/faris-webinar-capire-ri-conoscere-figli-adolescenti\/","og_site_name":"Faris","article_published_time":"2021-04-24T08:06:00+00:00","article_modified_time":"2021-04-27T09:10:25+00:00","og_image":[{"width":1200,"height":630,"url":"https:\/\/www.fondazioneaibi.it\/faris\/wp-content\/uploads\/2021\/04\/adolescenti-webinar-faris.jpg","type":"image\/jpeg"}],"author":"francescoE","twitter_card":"summary_large_image","twitter_misc":{"Scritto da":"francescoE","Tempo di lettura stimato":"3 minuti"},"schema":{"@context":"https:\/\/schema.org","@graph":[{"@type":"Article","@id":"https:\/\/www.fondazioneaibi.it\/faris\/faris-webinar-capire-ri-conoscere-figli-adolescenti\/#article","isPartOf":{"@id":"https:\/\/www.fondazioneaibi.it\/faris\/faris-webinar-capire-ri-conoscere-figli-adolescenti\/"},"author":{"name":"francescoE","@id":"https:\/\/www.fondazioneaibi.it\/faris\/#\/schema\/person\/ad772d30be3e6bd1b1919619ef0ecb8d"},"headline":"Mercoled\u00ec 28 aprile un webinar per capire e ri-conoscere i propri figli adolescenti","datePublished":"2021-04-24T08:06:00+00:00","dateModified":"2021-04-27T09:10:25+00:00","mainEntityOfPage":{"@id":"https:\/\/www.fondazioneaibi.it\/faris\/faris-webinar-capire-ri-conoscere-figli-adolescenti\/"},"wordCount":567,"commentCount":0,"publisher":{"@id":"https:\/\/www.fondazioneaibi.it\/faris\/#organization"},"image":{"@id":"https:\/\/www.fondazioneaibi.it\/faris\/faris-webinar-capire-ri-conoscere-figli-adolescenti\/#primaryimage"},"thumbnailUrl":"https:\/\/www.fondazioneaibi.it\/faris\/wp-content\/uploads\/2021\/04\/adolescenti-webinar-faris.jpg","articleSection":["News"],"inLanguage":"it-IT","potentialAction":[{"@type":"CommentAction","name":"Comment","target":["https:\/\/www.fondazioneaibi.it\/faris\/faris-webinar-capire-ri-conoscere-figli-adolescenti\/#respond"]}]},{"@type":"WebPage","@id":"https:\/\/www.fondazioneaibi.it\/faris\/faris-webinar-capire-ri-conoscere-figli-adolescenti\/","url":"https:\/\/www.fondazioneaibi.it\/faris\/faris-webinar-capire-ri-conoscere-figli-adolescenti\/","name":"Un webinar per capire e ri-conoscere i propri figli adolescenti","isPartOf":{"@id":"https:\/\/www.fondazioneaibi.it\/faris\/#website"},"primaryImageOfPage":{"@id":"https:\/\/www.fondazioneaibi.it\/faris\/faris-webinar-capire-ri-conoscere-figli-adolescenti\/#primaryimage"},"image":{"@id":"https:\/\/www.fondazioneaibi.it\/faris\/faris-webinar-capire-ri-conoscere-figli-adolescenti\/#primaryimage"},"thumbnailUrl":"https:\/\/www.fondazioneaibi.it\/faris\/wp-content\/uploads\/2021\/04\/adolescenti-webinar-faris.jpg","datePublished":"2021-04-24T08:06:00+00:00","dateModified":"2021-04-27T09:10:25+00:00","description":"Mercoled\u00ec 28 aprile un incontro per riflettere sul tema dell\u2019adolescenza. Un\u2019et\u00e0 di passaggio da comprendere per tutelare il futuro dei figli e\u2026 \u201cnostro\u201d","breadcrumb":{"@id":"https:\/\/www.fondazioneaibi.it\/faris\/faris-webinar-capire-ri-conoscere-figli-adolescenti\/#breadcrumb"},"inLanguage":"it-IT","potentialAction":[{"@type":"ReadAction","target":["https:\/\/www.fondazioneaibi.it\/faris\/faris-webinar-capire-ri-conoscere-figli-adolescenti\/"]}]},{"@type":"ImageObject","inLanguage":"it-IT","@id":"https:\/\/www.fondazioneaibi.it\/faris\/faris-webinar-capire-ri-conoscere-figli-adolescenti\/#primaryimage","url":"https:\/\/www.fondazioneaibi.it\/faris\/wp-content\/uploads\/2021\/04\/adolescenti-webinar-faris.jpg","contentUrl":"https:\/\/www.fondazioneaibi.it\/faris\/wp-content\/uploads\/2021\/04\/adolescenti-webinar-faris.jpg","width":1200,"height":630},{"@type":"BreadcrumbList","@id":"https:\/\/www.fondazioneaibi.it\/faris\/faris-webinar-capire-ri-conoscere-figli-adolescenti\/#breadcrumb","itemListElement":[{"@type":"ListItem","position":1,"name":"Home","item":"https:\/\/www.fondazioneaibi.it\/faris\/"},{"@type":"ListItem","position":2,"name":"Mercoled\u00ec 28 aprile un webinar per capire e ri-conoscere i propri figli adolescenti"}]},{"@type":"WebSite","@id":"https:\/\/www.fondazioneaibi.it\/faris\/#website","url":"https:\/\/www.fondazioneaibi.it\/faris\/","name":"Faris","description":"Faris","publisher":{"@id":"https:\/\/www.fondazioneaibi.it\/faris\/#organization"},"potentialAction":[{"@type":"SearchAction","target":{"@type":"EntryPoint","urlTemplate":"https:\/\/www.fondazioneaibi.it\/faris\/?s={search_term_string}"},"query-input":{"@type":"PropertyValueSpecification","valueRequired":true,"valueName":"search_term_string"}}],"inLanguage":"it-IT"},{"@type":"Organization","@id":"https:\/\/www.fondazioneaibi.it\/faris\/#organization","name":"Faris","url":"https:\/\/www.fondazioneaibi.it\/faris\/","logo":{"@type":"ImageObject","inLanguage":"it-IT","@id":"https:\/\/www.fondazioneaibi.it\/faris\/#\/schema\/logo\/image\/","url":"https:\/\/www.fondazioneaibi.it\/faris\/wp-content\/uploads\/2021\/03\/FARIS-LOGO-WEB-SITE-payoff-490x109.png","contentUrl":"https:\/\/www.fondazioneaibi.it\/faris\/wp-content\/uploads\/2021\/03\/FARIS-LOGO-WEB-SITE-payoff-490x109.png","width":494,"height":110,"caption":"Faris"},"image":{"@id":"https:\/\/www.fondazioneaibi.it\/faris\/#\/schema\/logo\/image\/"}},{"@type":"Person","@id":"https:\/\/www.fondazioneaibi.it\/faris\/#\/schema\/person\/ad772d30be3e6bd1b1919619ef0ecb8d","name":"francescoE","image":{"@type":"ImageObject","inLanguage":"it-IT","@id":"https:\/\/www.fondazioneaibi.it\/faris\/#\/schema\/person\/image\/","url":"https:\/\/secure.gravatar.com\/avatar\/eb25bc3259115f3cc20fd1978e06816ae94cd44934e33996da7a734be3641d43?s=96&d=mm&r=g","contentUrl":"https:\/\/secure.gravatar.com\/avatar\/eb25bc3259115f3cc20fd1978e06816ae94cd44934e33996da7a734be3641d43?s=96&d=mm&r=g","caption":"francescoE"},"url":"https:\/\/www.fondazioneaibi.it\/faris\/author\/francescoe\/"}]}},"_links":{"self":[{"href":"https:\/\/www.fondazioneaibi.it\/faris\/wp-json\/wp\/v2\/posts\/5725","targetHints":{"allow":["GET"]}}],"collection":[{"href":"https:\/\/www.fondazioneaibi.it\/faris\/wp-json\/wp\/v2\/posts"}],"about":[{"href":"https:\/\/www.fondazioneaibi.it\/faris\/wp-json\/wp\/v2\/types\/post"}],"author":[{"embeddable":true,"href":"https:\/\/www.fondazioneaibi.it\/faris\/wp-json\/wp\/v2\/users\/18"}],"replies":[{"embeddable":true,"href":"https:\/\/www.fondazioneaibi.it\/faris\/wp-json\/wp\/v2\/comments?post=5725"}],"version-history":[{"count":12,"href":"https:\/\/www.fondazioneaibi.it\/faris\/wp-json\/wp\/v2\/posts\/5725\/revisions"}],"predecessor-version":[{"id":5822,"href":"https:\/\/www.fondazioneaibi.it\/faris\/wp-json\/wp\/v2\/posts\/5725\/revisions\/5822"}],"wp:featuredmedia":[{"embeddable":true,"href":"https:\/\/www.fondazioneaibi.it\/faris\/wp-json\/wp\/v2\/media\/5742"}],"wp:attachment":[{"href":"https:\/\/www.fondazioneaibi.it\/faris\/wp-json\/wp\/v2\/media?parent=5725"}],"wp:term":[{"taxonomy":"category","embeddable":true,"href":"https:\/\/www.fondazioneaibi.it\/faris\/wp-json\/wp\/v2\/categories?post=5725"},{"taxonomy":"post_tag","embeddable":true,"href":"https:\/\/www.fondazioneaibi.it\/faris\/wp-json\/wp\/v2\/tags?post=5725"}],"curies":[{"name":"wp","href":"https:\/\/api.w.org\/{rel}","templated":true}]}}