{"id":10977,"date":"2022-09-08T11:59:41","date_gmt":"2022-09-08T09:59:41","guid":{"rendered":"https:\/\/www.fondazioneaibi.it\/faris\/?p=10977"},"modified":"2022-09-08T11:59:41","modified_gmt":"2022-09-08T09:59:41","slug":"conciliazione-famiglia-lavoro-faris-farewelfare","status":"publish","type":"post","link":"https:\/\/www.fondazioneaibi.it\/faris\/conciliazione-famiglia-lavoro-faris-farewelfare\/","title":{"rendered":"\u00c8 possibile migliorare la conciliazione famiglia &#8211; lavoro? La proposta di Faris e FareWelFare"},"content":{"rendered":"<h2>Faris e fare WelFare propongono una serie di webinar per migliorare l\u2019organizzazione del lavoro e la conciliazione con la propria vita personale e familiare. Il via con l\u2019incontro \u201cGestire il Flow, in ufficio e a casa, per lavorare con efficacia\u201d del 15 settembre<\/h2>\n<p><!--more--><\/p>\n<p>Negli ultimi due anni, la pandemia ha stravolto, tra le altre cose, l\u2019organizzazione dell\u2019attivit\u00e0 lavorativa, portando <strong>profondi cambiamenti<\/strong> che hanno avuto riflessi importante e decisivi anche sulla vita personale e familiare. Lo smartworking ha sicuramente aperto nuove possibilit\u00e0, ma, dall\u2019altro lato, ha anche fatto definitivamente cadere l\u2019idea di poter separare nettamente vita lavorativa e vita personale\/familiare.<\/p>\n<h3><strong>Gestire il cambiamento del rapporto tra famiglia e lavoro<\/strong><\/h3>\n<p>A questi cambiamenti, come sempre capita, ognuno ha cercato di adattarsi come ha potuto, secondo le proprie possibilit\u00e0 e, non ultimo, anche gli spazi a disposizione. Ma sicuramente non \u00e8 stato facile e, soprattutto, ora che la situazione si protrae da tempo e non si pu\u00f2 pi\u00f9 parlare di \u201cemergenza\u201d \u00e8 giusto dedicare una <strong>riflessione pi\u00f9 ampia e ponderata<\/strong> verso quella che \u00e8 la gestione di tempi, spazi e modalit\u00e0 relazionali innescati dalla nuova organizzazione del lavoro, puntando a <strong>migliorare il proprio benessere personale, familiare e lavorativo<\/strong>.<br \/>\n<em>Faris \u2013 Family and Relationship International School <\/em>ha ascoltato la richiesta di accompagnamento di chi si trova a vivere questo genere di sfida e propone <strong>un\u2019<\/strong><strong>offerta formativa online dedicata alle persone che lavorano e a chi li supporta: i responsabili HR<\/strong>. L\u2019iniziativa \u00e8 portata avanti attraverso una nuova partnership siglata con i consulenti organizzativi di <strong><em>FareWelFare<\/em><\/strong>, una realt\u00e0 che riunisce professionisti che accompagnano le imprese a pianificare e realizzare strategie che sommano il benessere individuale e organizzativo alla produttivit\u00e0 aziendale, con percorsi di accompagnamento all\u2019innovazione, alla flessibilit\u00e0 e all\u2019equilibrio vita-lavoro.<br \/>\n\u00c8 possibile scoprire e partecipare a questa nuova iniziativa tramite il sito <a href=\"http:\/\/www.fondazioneaibi.it\">www.fondazioneaibi.it<\/a> .<\/p>\n<h3>Gestire il Flow, in ufficio e a casa, per lavorare con efficacia<\/h3>\n<p>Al centro del percorso ci saranno, naturalmente, i temi della conciliazione famiglia \u2013 lavoro, del benessere digitale, il workflow lavorativo e tanto altro. L\u2019obiettivo \u00e8 offrire a tutti i partecipanti ai webinar nuove prospettive, nonch\u00e9 delle strategie concrete, per gestire al meglio le nuove sfide dell\u2019organizzazione lavorativa e della gestione del tempo e dell\u2019equilibrio tra attivit\u00e0 professionale e vita privata e familiare.<br \/>\nLa partnership tra Faris e fare WelFare partir\u00e0 con il webinar in programma il <strong>15 settembre<\/strong>: \u201c<strong><a href=\"https:\/\/www.fondazioneaibi.it\/faris\/prodotto\/webinar-gestire-il-flow-in-ufficio-e-a-casa-per-lavorare-con-efficacia\/\">Gestire il Flow, in ufficio e a casa, per lavorare con efficacia<\/a><\/strong>\u201d, incentrato sull\u2019analisi delle distrazioni che rendono difficile concentrarsi sul lavoro e sulla proposta di strategie e metodi per riuscire a <strong>lavorare in maniera pi\u00f9 soddisfacente<\/strong>, proficua e con una minore invasione su quelli che sono gli spazi di vita familiari.<br \/>\nA tenere l\u2019incontro sar\u00e0 il <strong>Dott. Federico Piccini Corboud<\/strong>, Welfare Manager, Consulente per lo sviluppo organizzativo presso FareWelFare.<\/p>\n<p>Gli altri webinar in programma sono:<br \/>\n22 settembre<br \/>\n<em>Gestire il tempo nello Smart Working<br \/>\n<\/em><br \/>\ntenuto da <strong>Marialuisa Di Bella<\/strong>, consulente aziendale, Project Manager, ricercatrice, docente, collaboratrice di FareWelFare.<\/p>\n<p>6 ottobre<br \/>\n<em>Benessere digitale e Smart Working, una combinazione vincente <\/em><br \/>\ntenuto da Marialuisa Di Bella<\/p>\n<p>20 ottobre<br \/>\n<em>Verso la Sostenibilit\u00e0: alcune pratiche di Responsabilit\u00e0 d\u2019impresa<\/em><br \/>\ntenuto da Marialuisa Di Bella<\/p>\n<p>9 novembre:<br \/>\n<em>La Scienza della Felicit\u00e0: benEssere, salute e produttivit\u00e0 nell\u2019organizzazione<\/em><br \/>\ntenuto da Elisabetta Dallavalle (Senior Human Capital and Wellbeing Happiness &amp; D&amp;EI Stream Leader, Presidente Associazione Ricerca Felicit\u00e0, Consigliera AIDP Lombardia<\/p>\n<p>Maggiori informazioni sulla <a href=\"https:\/\/www.fondazioneaibi.it\/faris\/categoria-prodotto\/webinar\/benessere-vita-lavoro\/farewelfare-faris\/\">pagina dedicata<\/a> del sito Faris o scrivendo a <a href=\"mailto:faris@fondazioneaibi.it\">faris@fondazioneaibi.it<\/a><\/p>\n","protected":false},"excerpt":{"rendered":"<p>Faris e fare WelFare propongono una serie di webinar per migliorare l\u2019organizzazione del lavoro e la conciliazione con la propria vita personale e familiare. Il via con l\u2019incontro \u201cGestire il Flow, in ufficio e a casa, per lavorare con efficacia\u201d del 15 settembre<\/p>\n","protected":false},"author":18,"featured_media":10998,"comment_status":"open","ping_status":"open","sticky":false,"template":"","format":"standard","meta":{"footnotes":""},"categories":[1],"tags":[185,138],"class_list":["post-10977","post","type-post","status-publish","format-standard","has-post-thumbnail","hentry","category-news","tag-lavoro","tag-webinar"],"yoast_head":"<!-- This site is optimized with the Yoast SEO plugin v26.9 - https:\/\/yoast.com\/product\/yoast-seo-wordpress\/ -->\n<title>Conciliazione famiglia - lavoro. La proposta di Faris e FareWelFare<\/title>\n<meta name=\"description\" content=\"Faris e fare WelFare propongono una serie di webinar per migliorare l\u2019organizzazione del lavoro e la conciliazione con la propria vita personale e familiare\" \/>\n<meta name=\"robots\" content=\"index, follow, max-snippet:-1, max-image-preview:large, max-video-preview:-1\" \/>\n<link rel=\"canonical\" href=\"https:\/\/www.fondazioneaibi.it\/faris\/conciliazione-famiglia-lavoro-faris-farewelfare\/\" \/>\n<meta property=\"og:locale\" content=\"it_IT\" \/>\n<meta property=\"og:type\" content=\"article\" \/>\n<meta property=\"og:title\" content=\"Conciliazione famiglia - lavoro. La proposta di Faris e FareWelFare\" \/>\n<meta property=\"og:description\" content=\"Faris e fare WelFare propongono una serie di webinar per migliorare l\u2019organizzazione del lavoro e la conciliazione con la propria vita personale e familiare\" \/>\n<meta property=\"og:url\" content=\"https:\/\/www.fondazioneaibi.it\/faris\/conciliazione-famiglia-lavoro-faris-farewelfare\/\" \/>\n<meta property=\"og:site_name\" content=\"Faris\" \/>\n<meta property=\"article:published_time\" content=\"2022-09-08T09:59:41+00:00\" \/>\n<meta property=\"og:image\" content=\"https:\/\/www.fondazioneaibi.it\/faris\/wp-content\/uploads\/2022\/09\/Faris-FareWelFare.jpg\" \/>\n\t<meta property=\"og:image:width\" content=\"1200\" \/>\n\t<meta property=\"og:image:height\" content=\"630\" \/>\n\t<meta property=\"og:image:type\" content=\"image\/jpeg\" \/>\n<meta name=\"author\" content=\"francescoE\" \/>\n<meta name=\"twitter:card\" content=\"summary_large_image\" \/>\n<meta name=\"twitter:label1\" content=\"Scritto da\" \/>\n\t<meta name=\"twitter:data1\" content=\"francescoE\" \/>\n\t<meta name=\"twitter:label2\" content=\"Tempo di lettura stimato\" \/>\n\t<meta name=\"twitter:data2\" content=\"3 minuti\" \/>\n<script type=\"application\/ld+json\" class=\"yoast-schema-graph\">{\"@context\":\"https:\/\/schema.org\",\"@graph\":[{\"@type\":\"Article\",\"@id\":\"https:\/\/www.fondazioneaibi.it\/faris\/conciliazione-famiglia-lavoro-faris-farewelfare\/#article\",\"isPartOf\":{\"@id\":\"https:\/\/www.fondazioneaibi.it\/faris\/conciliazione-famiglia-lavoro-faris-farewelfare\/\"},\"author\":{\"name\":\"francescoE\",\"@id\":\"https:\/\/www.fondazioneaibi.it\/faris\/#\/schema\/person\/ad772d30be3e6bd1b1919619ef0ecb8d\"},\"headline\":\"\u00c8 possibile migliorare la conciliazione famiglia &#8211; lavoro? La proposta di Faris e FareWelFare\",\"datePublished\":\"2022-09-08T09:59:41+00:00\",\"mainEntityOfPage\":{\"@id\":\"https:\/\/www.fondazioneaibi.it\/faris\/conciliazione-famiglia-lavoro-faris-farewelfare\/\"},\"wordCount\":583,\"commentCount\":0,\"publisher\":{\"@id\":\"https:\/\/www.fondazioneaibi.it\/faris\/#organization\"},\"image\":{\"@id\":\"https:\/\/www.fondazioneaibi.it\/faris\/conciliazione-famiglia-lavoro-faris-farewelfare\/#primaryimage\"},\"thumbnailUrl\":\"https:\/\/www.fondazioneaibi.it\/faris\/wp-content\/uploads\/2022\/09\/Faris-FareWelFare.jpg\",\"keywords\":[\"lavoro\",\"webinar\"],\"articleSection\":[\"News\"],\"inLanguage\":\"it-IT\",\"potentialAction\":[{\"@type\":\"CommentAction\",\"name\":\"Comment\",\"target\":[\"https:\/\/www.fondazioneaibi.it\/faris\/conciliazione-famiglia-lavoro-faris-farewelfare\/#respond\"]}]},{\"@type\":\"WebPage\",\"@id\":\"https:\/\/www.fondazioneaibi.it\/faris\/conciliazione-famiglia-lavoro-faris-farewelfare\/\",\"url\":\"https:\/\/www.fondazioneaibi.it\/faris\/conciliazione-famiglia-lavoro-faris-farewelfare\/\",\"name\":\"Conciliazione famiglia - lavoro. La proposta di Faris e FareWelFare\",\"isPartOf\":{\"@id\":\"https:\/\/www.fondazioneaibi.it\/faris\/#website\"},\"primaryImageOfPage\":{\"@id\":\"https:\/\/www.fondazioneaibi.it\/faris\/conciliazione-famiglia-lavoro-faris-farewelfare\/#primaryimage\"},\"image\":{\"@id\":\"https:\/\/www.fondazioneaibi.it\/faris\/conciliazione-famiglia-lavoro-faris-farewelfare\/#primaryimage\"},\"thumbnailUrl\":\"https:\/\/www.fondazioneaibi.it\/faris\/wp-content\/uploads\/2022\/09\/Faris-FareWelFare.jpg\",\"datePublished\":\"2022-09-08T09:59:41+00:00\",\"description\":\"Faris e fare WelFare propongono una serie di webinar per migliorare l\u2019organizzazione del lavoro e la conciliazione con la propria vita personale e familiare\",\"breadcrumb\":{\"@id\":\"https:\/\/www.fondazioneaibi.it\/faris\/conciliazione-famiglia-lavoro-faris-farewelfare\/#breadcrumb\"},\"inLanguage\":\"it-IT\",\"potentialAction\":[{\"@type\":\"ReadAction\",\"target\":[\"https:\/\/www.fondazioneaibi.it\/faris\/conciliazione-famiglia-lavoro-faris-farewelfare\/\"]}]},{\"@type\":\"ImageObject\",\"inLanguage\":\"it-IT\",\"@id\":\"https:\/\/www.fondazioneaibi.it\/faris\/conciliazione-famiglia-lavoro-faris-farewelfare\/#primaryimage\",\"url\":\"https:\/\/www.fondazioneaibi.it\/faris\/wp-content\/uploads\/2022\/09\/Faris-FareWelFare.jpg\",\"contentUrl\":\"https:\/\/www.fondazioneaibi.it\/faris\/wp-content\/uploads\/2022\/09\/Faris-FareWelFare.jpg\",\"width\":1200,\"height\":630},{\"@type\":\"BreadcrumbList\",\"@id\":\"https:\/\/www.fondazioneaibi.it\/faris\/conciliazione-famiglia-lavoro-faris-farewelfare\/#breadcrumb\",\"itemListElement\":[{\"@type\":\"ListItem\",\"position\":1,\"name\":\"Home\",\"item\":\"https:\/\/www.fondazioneaibi.it\/faris\/\"},{\"@type\":\"ListItem\",\"position\":2,\"name\":\"\u00c8 possibile migliorare la conciliazione famiglia &#8211; lavoro? La proposta di Faris e FareWelFare\"}]},{\"@type\":\"WebSite\",\"@id\":\"https:\/\/www.fondazioneaibi.it\/faris\/#website\",\"url\":\"https:\/\/www.fondazioneaibi.it\/faris\/\",\"name\":\"Faris\",\"description\":\"Faris\",\"publisher\":{\"@id\":\"https:\/\/www.fondazioneaibi.it\/faris\/#organization\"},\"potentialAction\":[{\"@type\":\"SearchAction\",\"target\":{\"@type\":\"EntryPoint\",\"urlTemplate\":\"https:\/\/www.fondazioneaibi.it\/faris\/?s={search_term_string}\"},\"query-input\":{\"@type\":\"PropertyValueSpecification\",\"valueRequired\":true,\"valueName\":\"search_term_string\"}}],\"inLanguage\":\"it-IT\"},{\"@type\":\"Organization\",\"@id\":\"https:\/\/www.fondazioneaibi.it\/faris\/#organization\",\"name\":\"Faris\",\"url\":\"https:\/\/www.fondazioneaibi.it\/faris\/\",\"logo\":{\"@type\":\"ImageObject\",\"inLanguage\":\"it-IT\",\"@id\":\"https:\/\/www.fondazioneaibi.it\/faris\/#\/schema\/logo\/image\/\",\"url\":\"https:\/\/www.fondazioneaibi.it\/faris\/wp-content\/uploads\/2021\/03\/FARIS-LOGO-WEB-SITE-payoff-490x109.png\",\"contentUrl\":\"https:\/\/www.fondazioneaibi.it\/faris\/wp-content\/uploads\/2021\/03\/FARIS-LOGO-WEB-SITE-payoff-490x109.png\",\"width\":494,\"height\":110,\"caption\":\"Faris\"},\"image\":{\"@id\":\"https:\/\/www.fondazioneaibi.it\/faris\/#\/schema\/logo\/image\/\"}},{\"@type\":\"Person\",\"@id\":\"https:\/\/www.fondazioneaibi.it\/faris\/#\/schema\/person\/ad772d30be3e6bd1b1919619ef0ecb8d\",\"name\":\"francescoE\",\"image\":{\"@type\":\"ImageObject\",\"inLanguage\":\"it-IT\",\"@id\":\"https:\/\/www.fondazioneaibi.it\/faris\/#\/schema\/person\/image\/\",\"url\":\"https:\/\/secure.gravatar.com\/avatar\/eb25bc3259115f3cc20fd1978e06816ae94cd44934e33996da7a734be3641d43?s=96&d=mm&r=g\",\"contentUrl\":\"https:\/\/secure.gravatar.com\/avatar\/eb25bc3259115f3cc20fd1978e06816ae94cd44934e33996da7a734be3641d43?s=96&d=mm&r=g\",\"caption\":\"francescoE\"},\"url\":\"https:\/\/www.fondazioneaibi.it\/faris\/author\/francescoe\/\"}]}<\/script>\n<!-- \/ Yoast SEO plugin. -->","yoast_head_json":{"title":"Conciliazione famiglia - lavoro. La proposta di Faris e FareWelFare","description":"Faris e fare WelFare propongono una serie di webinar per migliorare l\u2019organizzazione del lavoro e la conciliazione con la propria vita personale e familiare","robots":{"index":"index","follow":"follow","max-snippet":"max-snippet:-1","max-image-preview":"max-image-preview:large","max-video-preview":"max-video-preview:-1"},"canonical":"https:\/\/www.fondazioneaibi.it\/faris\/conciliazione-famiglia-lavoro-faris-farewelfare\/","og_locale":"it_IT","og_type":"article","og_title":"Conciliazione famiglia - lavoro. La proposta di Faris e FareWelFare","og_description":"Faris e fare WelFare propongono una serie di webinar per migliorare l\u2019organizzazione del lavoro e la conciliazione con la propria vita personale e familiare","og_url":"https:\/\/www.fondazioneaibi.it\/faris\/conciliazione-famiglia-lavoro-faris-farewelfare\/","og_site_name":"Faris","article_published_time":"2022-09-08T09:59:41+00:00","og_image":[{"width":1200,"height":630,"url":"https:\/\/www.fondazioneaibi.it\/faris\/wp-content\/uploads\/2022\/09\/Faris-FareWelFare.jpg","type":"image\/jpeg"}],"author":"francescoE","twitter_card":"summary_large_image","twitter_misc":{"Scritto da":"francescoE","Tempo di lettura stimato":"3 minuti"},"schema":{"@context":"https:\/\/schema.org","@graph":[{"@type":"Article","@id":"https:\/\/www.fondazioneaibi.it\/faris\/conciliazione-famiglia-lavoro-faris-farewelfare\/#article","isPartOf":{"@id":"https:\/\/www.fondazioneaibi.it\/faris\/conciliazione-famiglia-lavoro-faris-farewelfare\/"},"author":{"name":"francescoE","@id":"https:\/\/www.fondazioneaibi.it\/faris\/#\/schema\/person\/ad772d30be3e6bd1b1919619ef0ecb8d"},"headline":"\u00c8 possibile migliorare la conciliazione famiglia &#8211; lavoro? La proposta di Faris e FareWelFare","datePublished":"2022-09-08T09:59:41+00:00","mainEntityOfPage":{"@id":"https:\/\/www.fondazioneaibi.it\/faris\/conciliazione-famiglia-lavoro-faris-farewelfare\/"},"wordCount":583,"commentCount":0,"publisher":{"@id":"https:\/\/www.fondazioneaibi.it\/faris\/#organization"},"image":{"@id":"https:\/\/www.fondazioneaibi.it\/faris\/conciliazione-famiglia-lavoro-faris-farewelfare\/#primaryimage"},"thumbnailUrl":"https:\/\/www.fondazioneaibi.it\/faris\/wp-content\/uploads\/2022\/09\/Faris-FareWelFare.jpg","keywords":["lavoro","webinar"],"articleSection":["News"],"inLanguage":"it-IT","potentialAction":[{"@type":"CommentAction","name":"Comment","target":["https:\/\/www.fondazioneaibi.it\/faris\/conciliazione-famiglia-lavoro-faris-farewelfare\/#respond"]}]},{"@type":"WebPage","@id":"https:\/\/www.fondazioneaibi.it\/faris\/conciliazione-famiglia-lavoro-faris-farewelfare\/","url":"https:\/\/www.fondazioneaibi.it\/faris\/conciliazione-famiglia-lavoro-faris-farewelfare\/","name":"Conciliazione famiglia - lavoro. La proposta di Faris e FareWelFare","isPartOf":{"@id":"https:\/\/www.fondazioneaibi.it\/faris\/#website"},"primaryImageOfPage":{"@id":"https:\/\/www.fondazioneaibi.it\/faris\/conciliazione-famiglia-lavoro-faris-farewelfare\/#primaryimage"},"image":{"@id":"https:\/\/www.fondazioneaibi.it\/faris\/conciliazione-famiglia-lavoro-faris-farewelfare\/#primaryimage"},"thumbnailUrl":"https:\/\/www.fondazioneaibi.it\/faris\/wp-content\/uploads\/2022\/09\/Faris-FareWelFare.jpg","datePublished":"2022-09-08T09:59:41+00:00","description":"Faris e fare WelFare propongono una serie di webinar per migliorare l\u2019organizzazione del lavoro e la conciliazione con la propria vita personale e familiare","breadcrumb":{"@id":"https:\/\/www.fondazioneaibi.it\/faris\/conciliazione-famiglia-lavoro-faris-farewelfare\/#breadcrumb"},"inLanguage":"it-IT","potentialAction":[{"@type":"ReadAction","target":["https:\/\/www.fondazioneaibi.it\/faris\/conciliazione-famiglia-lavoro-faris-farewelfare\/"]}]},{"@type":"ImageObject","inLanguage":"it-IT","@id":"https:\/\/www.fondazioneaibi.it\/faris\/conciliazione-famiglia-lavoro-faris-farewelfare\/#primaryimage","url":"https:\/\/www.fondazioneaibi.it\/faris\/wp-content\/uploads\/2022\/09\/Faris-FareWelFare.jpg","contentUrl":"https:\/\/www.fondazioneaibi.it\/faris\/wp-content\/uploads\/2022\/09\/Faris-FareWelFare.jpg","width":1200,"height":630},{"@type":"BreadcrumbList","@id":"https:\/\/www.fondazioneaibi.it\/faris\/conciliazione-famiglia-lavoro-faris-farewelfare\/#breadcrumb","itemListElement":[{"@type":"ListItem","position":1,"name":"Home","item":"https:\/\/www.fondazioneaibi.it\/faris\/"},{"@type":"ListItem","position":2,"name":"\u00c8 possibile migliorare la conciliazione famiglia &#8211; lavoro? La proposta di Faris e FareWelFare"}]},{"@type":"WebSite","@id":"https:\/\/www.fondazioneaibi.it\/faris\/#website","url":"https:\/\/www.fondazioneaibi.it\/faris\/","name":"Faris","description":"Faris","publisher":{"@id":"https:\/\/www.fondazioneaibi.it\/faris\/#organization"},"potentialAction":[{"@type":"SearchAction","target":{"@type":"EntryPoint","urlTemplate":"https:\/\/www.fondazioneaibi.it\/faris\/?s={search_term_string}"},"query-input":{"@type":"PropertyValueSpecification","valueRequired":true,"valueName":"search_term_string"}}],"inLanguage":"it-IT"},{"@type":"Organization","@id":"https:\/\/www.fondazioneaibi.it\/faris\/#organization","name":"Faris","url":"https:\/\/www.fondazioneaibi.it\/faris\/","logo":{"@type":"ImageObject","inLanguage":"it-IT","@id":"https:\/\/www.fondazioneaibi.it\/faris\/#\/schema\/logo\/image\/","url":"https:\/\/www.fondazioneaibi.it\/faris\/wp-content\/uploads\/2021\/03\/FARIS-LOGO-WEB-SITE-payoff-490x109.png","contentUrl":"https:\/\/www.fondazioneaibi.it\/faris\/wp-content\/uploads\/2021\/03\/FARIS-LOGO-WEB-SITE-payoff-490x109.png","width":494,"height":110,"caption":"Faris"},"image":{"@id":"https:\/\/www.fondazioneaibi.it\/faris\/#\/schema\/logo\/image\/"}},{"@type":"Person","@id":"https:\/\/www.fondazioneaibi.it\/faris\/#\/schema\/person\/ad772d30be3e6bd1b1919619ef0ecb8d","name":"francescoE","image":{"@type":"ImageObject","inLanguage":"it-IT","@id":"https:\/\/www.fondazioneaibi.it\/faris\/#\/schema\/person\/image\/","url":"https:\/\/secure.gravatar.com\/avatar\/eb25bc3259115f3cc20fd1978e06816ae94cd44934e33996da7a734be3641d43?s=96&d=mm&r=g","contentUrl":"https:\/\/secure.gravatar.com\/avatar\/eb25bc3259115f3cc20fd1978e06816ae94cd44934e33996da7a734be3641d43?s=96&d=mm&r=g","caption":"francescoE"},"url":"https:\/\/www.fondazioneaibi.it\/faris\/author\/francescoe\/"}]}},"_links":{"self":[{"href":"https:\/\/www.fondazioneaibi.it\/faris\/wp-json\/wp\/v2\/posts\/10977","targetHints":{"allow":["GET"]}}],"collection":[{"href":"https:\/\/www.fondazioneaibi.it\/faris\/wp-json\/wp\/v2\/posts"}],"about":[{"href":"https:\/\/www.fondazioneaibi.it\/faris\/wp-json\/wp\/v2\/types\/post"}],"author":[{"embeddable":true,"href":"https:\/\/www.fondazioneaibi.it\/faris\/wp-json\/wp\/v2\/users\/18"}],"replies":[{"embeddable":true,"href":"https:\/\/www.fondazioneaibi.it\/faris\/wp-json\/wp\/v2\/comments?post=10977"}],"version-history":[{"count":2,"href":"https:\/\/www.fondazioneaibi.it\/faris\/wp-json\/wp\/v2\/posts\/10977\/revisions"}],"predecessor-version":[{"id":10999,"href":"https:\/\/www.fondazioneaibi.it\/faris\/wp-json\/wp\/v2\/posts\/10977\/revisions\/10999"}],"wp:featuredmedia":[{"embeddable":true,"href":"https:\/\/www.fondazioneaibi.it\/faris\/wp-json\/wp\/v2\/media\/10998"}],"wp:attachment":[{"href":"https:\/\/www.fondazioneaibi.it\/faris\/wp-json\/wp\/v2\/media?parent=10977"}],"wp:term":[{"taxonomy":"category","embeddable":true,"href":"https:\/\/www.fondazioneaibi.it\/faris\/wp-json\/wp\/v2\/categories?post=10977"},{"taxonomy":"post_tag","embeddable":true,"href":"https:\/\/www.fondazioneaibi.it\/faris\/wp-json\/wp\/v2\/tags?post=10977"}],"curies":[{"name":"wp","href":"https:\/\/api.w.org\/{rel}","templated":true}]}}