{"id":10707,"date":"2022-06-23T15:53:11","date_gmt":"2022-06-23T13:53:11","guid":{"rendered":"https:\/\/www.fondazioneaibi.it\/faris\/?p=10707"},"modified":"2022-06-23T15:53:11","modified_gmt":"2022-06-23T13:53:11","slug":"adozione-di-bimbi-grandi-e-gruppi-di-fratelli-tutto-cio-che-ce-da-sapere-webinar-il-5-luglio","status":"publish","type":"post","link":"https:\/\/www.fondazioneaibi.it\/faris\/adozione-di-bimbi-grandi-e-gruppi-di-fratelli-tutto-cio-che-ce-da-sapere-webinar-il-5-luglio\/","title":{"rendered":"Adozione di bimbi grandi e gruppi di fratelli: tutto ci\u00f2 che c\u2019\u00e8 da sapere. Webinar il 5 luglio"},"content":{"rendered":"<h2><strong>Oggi pi\u00f9 che mai tanti bambini pronti per essere adottati sono gi\u00e0 grandi: Faris propone un webinar per capire insieme cosa significhi aprirsi a questo tipo di adozione e a quella di gruppi pi\u00f9 numerosi. Appuntamento il 5 luglio alle ore 17<\/strong><\/h2>\n<p><!--more--><\/p>\n<p>Se si chiedesse a un campione della popolazione italiana di scegliere un\u2019immagine da accompagnare al concetto di adozione, con ogni probabilit\u00e0 tra le pi\u00f9 scelte ci sarebbe quella di un bambino o una bambina (uno solo) piuttosto piccoli. Un\u2019associazione che di per s\u00e9 non \u00e8 sbagliata, ma che \u00e8 sicuramente legata a un concetto che non corrisponde pi\u00f9 alla realt\u00e0 e, soprattutto, non \u00e8 <strong>per nulla esaustivo<\/strong> delle possibilit\u00e0 insite nell\u2019adozione. Perch\u00e9, oggi, anche grazie all\u2019aumento delle adozioni nazionali all\u2019interno degli stessi Paesi di origine, i bambini in stato di adottabilit\u00e0 a livello internazionale sono molto spesso <strong>grandicelli<\/strong> e tante volte <strong>hanno fratelli o sorelle<\/strong> da cui non vorrebbero separarsi.<br \/>\nEcco, allora, che mettere per lo meno a tema, per le coppie che intendono adottare, l\u2019ipotesi di <strong>aprirsi all\u2019adozione di bambini grandi o di fratrie<\/strong> \u00e8 un esercizio senza dubbio utile e arricchente, anche nel caso in cui, alla fine, l\u2019adozione dovesse concludersi in maniera pi\u00f9 \u201ccanonica\u201d.<\/p>\n<h3>Un webinar per riflettere sul significato a la possibilit\u00e0 di adottare bimbi grandi o fratrie<\/h3>\n<p>Faris \u2013 Family Relationship International School, la scuola di relazioni familiari di Ai.Bi., ne \u00e8 ben consapevole e, per questo, ha programmato il webinar \u201cAdozione Internazionale: bambini grandi e fratrie\u201d, in programma per <strong>marted\u00ec 5 luglio alle ore 17,00<\/strong>.<br \/>\nIl corso \u00e8 rivolto a tutte le coppie interessate all\u2019adozione internazionale che stanno facendo il percorso con i servizi e il Tribunale o che, in possesso di Decreto di idoneit\u00e0, hanno gi\u00e0 dato mandato ad un Ente autorizzato. L\u2019obiettivo \u00e8 dare ai partecipanti gli strumenti per <strong>prepararsi all\u2019accoglienza<\/strong> di bambini pi\u00f9 grandi o pi\u00f9 numerosi di quelli magari sognati, e prefigurare la propria disponibilit\u00e0 a situazioni di questo tipo.<br \/>\nIl webinar sar\u00e0 condotto dalla dott.ssa <strong>Marcella Grivia<\/strong>, psicologa e consulente per le Adozioni Internazionali di AiBi \u2013 Amici dei Bambini, e affronter\u00e0 il tema a partire dall\u2019esposizione di <strong>casi reali<\/strong> e dalla descrizione di alcune possibili situazioni.<br \/>\nInsieme, le coppie proveranno, da un lato, a capire cosa significhi essere adottati \u201cda grandi\u201d e con i propri fratelli, e, dall\u2019altro lato, a riflettere sul significato di aprire le porte di casa a bambini che non stanno pi\u00f9 nel lettino con le sponde!<br \/>\nLa partecipazione al webinar prevede il rilascio di un attestato. Maggiori informazioni si possono trovare alla <a href=\"https:\/\/www.fondazioneaibi.it\/faris\/prodotto\/webinar-adozione-internazionale-bambini-grandi-e-fratrie\/\">pagina dedicata<\/a> sul sito Faris o scrivendo a <a href=\"mailto:faris@fondazioneaibi.it\">faris@fondazioneaibi.it<\/a><\/p>\n","protected":false},"excerpt":{"rendered":"<p>Oggi pi\u00f9 che mai tanti bambini pronti per essere adottati sono gi\u00e0 grandi: Faris propone un webinar per capire insieme cosa significhi aprirsi a questo tipo di adozione e a quella di gruppi pi\u00f9 numerosi. Appuntamento il 5 luglio alle ore 17<\/p>\n","protected":false},"author":18,"featured_media":10708,"comment_status":"open","ping_status":"open","sticky":false,"template":"","format":"standard","meta":{"footnotes":""},"categories":[1],"tags":[135,138],"class_list":["post-10707","post","type-post","status-publish","format-standard","has-post-thumbnail","hentry","category-news","tag-adozione","tag-webinar"],"yoast_head":"<!-- This site is optimized with the Yoast SEO plugin v26.9 - https:\/\/yoast.com\/product\/yoast-seo-wordpress\/ -->\n<title>Adottare bimbi grandi e gruppi di fratelli: tutto ci\u00f2 che c\u2019\u00e8 da sapere<\/title>\n<meta name=\"description\" content=\"Oggi, tanti bambini pronti per essere adottati sono gi\u00e0 in et\u00e0 avanzata: Faris propone un webinar per capire cosa significhi aprirsi all&#039;adozione di bimbi grandi o fratrie\" \/>\n<meta name=\"robots\" content=\"index, follow, max-snippet:-1, max-image-preview:large, max-video-preview:-1\" \/>\n<link rel=\"canonical\" href=\"https:\/\/www.fondazioneaibi.it\/faris\/adozione-di-bimbi-grandi-e-gruppi-di-fratelli-tutto-cio-che-ce-da-sapere-webinar-il-5-luglio\/\" \/>\n<meta property=\"og:locale\" content=\"it_IT\" \/>\n<meta property=\"og:type\" content=\"article\" \/>\n<meta property=\"og:title\" content=\"Adottare bimbi grandi e gruppi di fratelli: tutto ci\u00f2 che c\u2019\u00e8 da sapere\" \/>\n<meta property=\"og:description\" content=\"Oggi, tanti bambini pronti per essere adottati sono gi\u00e0 in et\u00e0 avanzata: Faris propone un webinar per capire cosa significhi aprirsi all&#039;adozione di bimbi grandi o fratrie\" \/>\n<meta property=\"og:url\" content=\"https:\/\/www.fondazioneaibi.it\/faris\/adozione-di-bimbi-grandi-e-gruppi-di-fratelli-tutto-cio-che-ce-da-sapere-webinar-il-5-luglio\/\" \/>\n<meta property=\"og:site_name\" content=\"Faris\" \/>\n<meta property=\"article:published_time\" content=\"2022-06-23T13:53:11+00:00\" \/>\n<meta property=\"og:image\" content=\"https:\/\/www.fondazioneaibi.it\/faris\/wp-content\/uploads\/2022\/06\/faris-bimbi-grandi-fratrie.jpg\" \/>\n\t<meta property=\"og:image:width\" content=\"1200\" \/>\n\t<meta property=\"og:image:height\" content=\"630\" \/>\n\t<meta property=\"og:image:type\" content=\"image\/jpeg\" \/>\n<meta name=\"author\" content=\"francescoE\" \/>\n<meta name=\"twitter:card\" content=\"summary_large_image\" \/>\n<meta name=\"twitter:label1\" content=\"Scritto da\" \/>\n\t<meta name=\"twitter:data1\" content=\"francescoE\" \/>\n\t<meta name=\"twitter:label2\" content=\"Tempo di lettura stimato\" \/>\n\t<meta name=\"twitter:data2\" content=\"3 minuti\" \/>\n<script type=\"application\/ld+json\" class=\"yoast-schema-graph\">{\"@context\":\"https:\/\/schema.org\",\"@graph\":[{\"@type\":\"Article\",\"@id\":\"https:\/\/www.fondazioneaibi.it\/faris\/adozione-di-bimbi-grandi-e-gruppi-di-fratelli-tutto-cio-che-ce-da-sapere-webinar-il-5-luglio\/#article\",\"isPartOf\":{\"@id\":\"https:\/\/www.fondazioneaibi.it\/faris\/adozione-di-bimbi-grandi-e-gruppi-di-fratelli-tutto-cio-che-ce-da-sapere-webinar-il-5-luglio\/\"},\"author\":{\"name\":\"francescoE\",\"@id\":\"https:\/\/www.fondazioneaibi.it\/faris\/#\/schema\/person\/ad772d30be3e6bd1b1919619ef0ecb8d\"},\"headline\":\"Adozione di bimbi grandi e gruppi di fratelli: tutto ci\u00f2 che c\u2019\u00e8 da sapere. Webinar il 5 luglio\",\"datePublished\":\"2022-06-23T13:53:11+00:00\",\"mainEntityOfPage\":{\"@id\":\"https:\/\/www.fondazioneaibi.it\/faris\/adozione-di-bimbi-grandi-e-gruppi-di-fratelli-tutto-cio-che-ce-da-sapere-webinar-il-5-luglio\/\"},\"wordCount\":450,\"commentCount\":0,\"publisher\":{\"@id\":\"https:\/\/www.fondazioneaibi.it\/faris\/#organization\"},\"image\":{\"@id\":\"https:\/\/www.fondazioneaibi.it\/faris\/adozione-di-bimbi-grandi-e-gruppi-di-fratelli-tutto-cio-che-ce-da-sapere-webinar-il-5-luglio\/#primaryimage\"},\"thumbnailUrl\":\"https:\/\/www.fondazioneaibi.it\/faris\/wp-content\/uploads\/2022\/06\/faris-bimbi-grandi-fratrie.jpg\",\"keywords\":[\"adozione\",\"webinar\"],\"articleSection\":[\"News\"],\"inLanguage\":\"it-IT\",\"potentialAction\":[{\"@type\":\"CommentAction\",\"name\":\"Comment\",\"target\":[\"https:\/\/www.fondazioneaibi.it\/faris\/adozione-di-bimbi-grandi-e-gruppi-di-fratelli-tutto-cio-che-ce-da-sapere-webinar-il-5-luglio\/#respond\"]}]},{\"@type\":\"WebPage\",\"@id\":\"https:\/\/www.fondazioneaibi.it\/faris\/adozione-di-bimbi-grandi-e-gruppi-di-fratelli-tutto-cio-che-ce-da-sapere-webinar-il-5-luglio\/\",\"url\":\"https:\/\/www.fondazioneaibi.it\/faris\/adozione-di-bimbi-grandi-e-gruppi-di-fratelli-tutto-cio-che-ce-da-sapere-webinar-il-5-luglio\/\",\"name\":\"Adottare bimbi grandi e gruppi di fratelli: tutto ci\u00f2 che c\u2019\u00e8 da sapere\",\"isPartOf\":{\"@id\":\"https:\/\/www.fondazioneaibi.it\/faris\/#website\"},\"primaryImageOfPage\":{\"@id\":\"https:\/\/www.fondazioneaibi.it\/faris\/adozione-di-bimbi-grandi-e-gruppi-di-fratelli-tutto-cio-che-ce-da-sapere-webinar-il-5-luglio\/#primaryimage\"},\"image\":{\"@id\":\"https:\/\/www.fondazioneaibi.it\/faris\/adozione-di-bimbi-grandi-e-gruppi-di-fratelli-tutto-cio-che-ce-da-sapere-webinar-il-5-luglio\/#primaryimage\"},\"thumbnailUrl\":\"https:\/\/www.fondazioneaibi.it\/faris\/wp-content\/uploads\/2022\/06\/faris-bimbi-grandi-fratrie.jpg\",\"datePublished\":\"2022-06-23T13:53:11+00:00\",\"description\":\"Oggi, tanti bambini pronti per essere adottati sono gi\u00e0 in et\u00e0 avanzata: Faris propone un webinar per capire cosa significhi aprirsi all'adozione di bimbi grandi o fratrie\",\"breadcrumb\":{\"@id\":\"https:\/\/www.fondazioneaibi.it\/faris\/adozione-di-bimbi-grandi-e-gruppi-di-fratelli-tutto-cio-che-ce-da-sapere-webinar-il-5-luglio\/#breadcrumb\"},\"inLanguage\":\"it-IT\",\"potentialAction\":[{\"@type\":\"ReadAction\",\"target\":[\"https:\/\/www.fondazioneaibi.it\/faris\/adozione-di-bimbi-grandi-e-gruppi-di-fratelli-tutto-cio-che-ce-da-sapere-webinar-il-5-luglio\/\"]}]},{\"@type\":\"ImageObject\",\"inLanguage\":\"it-IT\",\"@id\":\"https:\/\/www.fondazioneaibi.it\/faris\/adozione-di-bimbi-grandi-e-gruppi-di-fratelli-tutto-cio-che-ce-da-sapere-webinar-il-5-luglio\/#primaryimage\",\"url\":\"https:\/\/www.fondazioneaibi.it\/faris\/wp-content\/uploads\/2022\/06\/faris-bimbi-grandi-fratrie.jpg\",\"contentUrl\":\"https:\/\/www.fondazioneaibi.it\/faris\/wp-content\/uploads\/2022\/06\/faris-bimbi-grandi-fratrie.jpg\",\"width\":1200,\"height\":630},{\"@type\":\"BreadcrumbList\",\"@id\":\"https:\/\/www.fondazioneaibi.it\/faris\/adozione-di-bimbi-grandi-e-gruppi-di-fratelli-tutto-cio-che-ce-da-sapere-webinar-il-5-luglio\/#breadcrumb\",\"itemListElement\":[{\"@type\":\"ListItem\",\"position\":1,\"name\":\"Home\",\"item\":\"https:\/\/www.fondazioneaibi.it\/faris\/\"},{\"@type\":\"ListItem\",\"position\":2,\"name\":\"Adozione di bimbi grandi e gruppi di fratelli: tutto ci\u00f2 che c\u2019\u00e8 da sapere. Webinar il 5 luglio\"}]},{\"@type\":\"WebSite\",\"@id\":\"https:\/\/www.fondazioneaibi.it\/faris\/#website\",\"url\":\"https:\/\/www.fondazioneaibi.it\/faris\/\",\"name\":\"Faris\",\"description\":\"Faris\",\"publisher\":{\"@id\":\"https:\/\/www.fondazioneaibi.it\/faris\/#organization\"},\"potentialAction\":[{\"@type\":\"SearchAction\",\"target\":{\"@type\":\"EntryPoint\",\"urlTemplate\":\"https:\/\/www.fondazioneaibi.it\/faris\/?s={search_term_string}\"},\"query-input\":{\"@type\":\"PropertyValueSpecification\",\"valueRequired\":true,\"valueName\":\"search_term_string\"}}],\"inLanguage\":\"it-IT\"},{\"@type\":\"Organization\",\"@id\":\"https:\/\/www.fondazioneaibi.it\/faris\/#organization\",\"name\":\"Faris\",\"url\":\"https:\/\/www.fondazioneaibi.it\/faris\/\",\"logo\":{\"@type\":\"ImageObject\",\"inLanguage\":\"it-IT\",\"@id\":\"https:\/\/www.fondazioneaibi.it\/faris\/#\/schema\/logo\/image\/\",\"url\":\"https:\/\/www.fondazioneaibi.it\/faris\/wp-content\/uploads\/2021\/03\/FARIS-LOGO-WEB-SITE-payoff-490x109.png\",\"contentUrl\":\"https:\/\/www.fondazioneaibi.it\/faris\/wp-content\/uploads\/2021\/03\/FARIS-LOGO-WEB-SITE-payoff-490x109.png\",\"width\":494,\"height\":110,\"caption\":\"Faris\"},\"image\":{\"@id\":\"https:\/\/www.fondazioneaibi.it\/faris\/#\/schema\/logo\/image\/\"}},{\"@type\":\"Person\",\"@id\":\"https:\/\/www.fondazioneaibi.it\/faris\/#\/schema\/person\/ad772d30be3e6bd1b1919619ef0ecb8d\",\"name\":\"francescoE\",\"image\":{\"@type\":\"ImageObject\",\"inLanguage\":\"it-IT\",\"@id\":\"https:\/\/www.fondazioneaibi.it\/faris\/#\/schema\/person\/image\/\",\"url\":\"https:\/\/secure.gravatar.com\/avatar\/eb25bc3259115f3cc20fd1978e06816ae94cd44934e33996da7a734be3641d43?s=96&d=mm&r=g\",\"contentUrl\":\"https:\/\/secure.gravatar.com\/avatar\/eb25bc3259115f3cc20fd1978e06816ae94cd44934e33996da7a734be3641d43?s=96&d=mm&r=g\",\"caption\":\"francescoE\"},\"url\":\"https:\/\/www.fondazioneaibi.it\/faris\/author\/francescoe\/\"}]}<\/script>\n<!-- \/ Yoast SEO plugin. -->","yoast_head_json":{"title":"Adottare bimbi grandi e gruppi di fratelli: tutto ci\u00f2 che c\u2019\u00e8 da sapere","description":"Oggi, tanti bambini pronti per essere adottati sono gi\u00e0 in et\u00e0 avanzata: Faris propone un webinar per capire cosa significhi aprirsi all'adozione di bimbi grandi o fratrie","robots":{"index":"index","follow":"follow","max-snippet":"max-snippet:-1","max-image-preview":"max-image-preview:large","max-video-preview":"max-video-preview:-1"},"canonical":"https:\/\/www.fondazioneaibi.it\/faris\/adozione-di-bimbi-grandi-e-gruppi-di-fratelli-tutto-cio-che-ce-da-sapere-webinar-il-5-luglio\/","og_locale":"it_IT","og_type":"article","og_title":"Adottare bimbi grandi e gruppi di fratelli: tutto ci\u00f2 che c\u2019\u00e8 da sapere","og_description":"Oggi, tanti bambini pronti per essere adottati sono gi\u00e0 in et\u00e0 avanzata: Faris propone un webinar per capire cosa significhi aprirsi all'adozione di bimbi grandi o fratrie","og_url":"https:\/\/www.fondazioneaibi.it\/faris\/adozione-di-bimbi-grandi-e-gruppi-di-fratelli-tutto-cio-che-ce-da-sapere-webinar-il-5-luglio\/","og_site_name":"Faris","article_published_time":"2022-06-23T13:53:11+00:00","og_image":[{"width":1200,"height":630,"url":"https:\/\/www.fondazioneaibi.it\/faris\/wp-content\/uploads\/2022\/06\/faris-bimbi-grandi-fratrie.jpg","type":"image\/jpeg"}],"author":"francescoE","twitter_card":"summary_large_image","twitter_misc":{"Scritto da":"francescoE","Tempo di lettura stimato":"3 minuti"},"schema":{"@context":"https:\/\/schema.org","@graph":[{"@type":"Article","@id":"https:\/\/www.fondazioneaibi.it\/faris\/adozione-di-bimbi-grandi-e-gruppi-di-fratelli-tutto-cio-che-ce-da-sapere-webinar-il-5-luglio\/#article","isPartOf":{"@id":"https:\/\/www.fondazioneaibi.it\/faris\/adozione-di-bimbi-grandi-e-gruppi-di-fratelli-tutto-cio-che-ce-da-sapere-webinar-il-5-luglio\/"},"author":{"name":"francescoE","@id":"https:\/\/www.fondazioneaibi.it\/faris\/#\/schema\/person\/ad772d30be3e6bd1b1919619ef0ecb8d"},"headline":"Adozione di bimbi grandi e gruppi di fratelli: tutto ci\u00f2 che c\u2019\u00e8 da sapere. Webinar il 5 luglio","datePublished":"2022-06-23T13:53:11+00:00","mainEntityOfPage":{"@id":"https:\/\/www.fondazioneaibi.it\/faris\/adozione-di-bimbi-grandi-e-gruppi-di-fratelli-tutto-cio-che-ce-da-sapere-webinar-il-5-luglio\/"},"wordCount":450,"commentCount":0,"publisher":{"@id":"https:\/\/www.fondazioneaibi.it\/faris\/#organization"},"image":{"@id":"https:\/\/www.fondazioneaibi.it\/faris\/adozione-di-bimbi-grandi-e-gruppi-di-fratelli-tutto-cio-che-ce-da-sapere-webinar-il-5-luglio\/#primaryimage"},"thumbnailUrl":"https:\/\/www.fondazioneaibi.it\/faris\/wp-content\/uploads\/2022\/06\/faris-bimbi-grandi-fratrie.jpg","keywords":["adozione","webinar"],"articleSection":["News"],"inLanguage":"it-IT","potentialAction":[{"@type":"CommentAction","name":"Comment","target":["https:\/\/www.fondazioneaibi.it\/faris\/adozione-di-bimbi-grandi-e-gruppi-di-fratelli-tutto-cio-che-ce-da-sapere-webinar-il-5-luglio\/#respond"]}]},{"@type":"WebPage","@id":"https:\/\/www.fondazioneaibi.it\/faris\/adozione-di-bimbi-grandi-e-gruppi-di-fratelli-tutto-cio-che-ce-da-sapere-webinar-il-5-luglio\/","url":"https:\/\/www.fondazioneaibi.it\/faris\/adozione-di-bimbi-grandi-e-gruppi-di-fratelli-tutto-cio-che-ce-da-sapere-webinar-il-5-luglio\/","name":"Adottare bimbi grandi e gruppi di fratelli: tutto ci\u00f2 che c\u2019\u00e8 da sapere","isPartOf":{"@id":"https:\/\/www.fondazioneaibi.it\/faris\/#website"},"primaryImageOfPage":{"@id":"https:\/\/www.fondazioneaibi.it\/faris\/adozione-di-bimbi-grandi-e-gruppi-di-fratelli-tutto-cio-che-ce-da-sapere-webinar-il-5-luglio\/#primaryimage"},"image":{"@id":"https:\/\/www.fondazioneaibi.it\/faris\/adozione-di-bimbi-grandi-e-gruppi-di-fratelli-tutto-cio-che-ce-da-sapere-webinar-il-5-luglio\/#primaryimage"},"thumbnailUrl":"https:\/\/www.fondazioneaibi.it\/faris\/wp-content\/uploads\/2022\/06\/faris-bimbi-grandi-fratrie.jpg","datePublished":"2022-06-23T13:53:11+00:00","description":"Oggi, tanti bambini pronti per essere adottati sono gi\u00e0 in et\u00e0 avanzata: Faris propone un webinar per capire cosa significhi aprirsi all'adozione di bimbi grandi o fratrie","breadcrumb":{"@id":"https:\/\/www.fondazioneaibi.it\/faris\/adozione-di-bimbi-grandi-e-gruppi-di-fratelli-tutto-cio-che-ce-da-sapere-webinar-il-5-luglio\/#breadcrumb"},"inLanguage":"it-IT","potentialAction":[{"@type":"ReadAction","target":["https:\/\/www.fondazioneaibi.it\/faris\/adozione-di-bimbi-grandi-e-gruppi-di-fratelli-tutto-cio-che-ce-da-sapere-webinar-il-5-luglio\/"]}]},{"@type":"ImageObject","inLanguage":"it-IT","@id":"https:\/\/www.fondazioneaibi.it\/faris\/adozione-di-bimbi-grandi-e-gruppi-di-fratelli-tutto-cio-che-ce-da-sapere-webinar-il-5-luglio\/#primaryimage","url":"https:\/\/www.fondazioneaibi.it\/faris\/wp-content\/uploads\/2022\/06\/faris-bimbi-grandi-fratrie.jpg","contentUrl":"https:\/\/www.fondazioneaibi.it\/faris\/wp-content\/uploads\/2022\/06\/faris-bimbi-grandi-fratrie.jpg","width":1200,"height":630},{"@type":"BreadcrumbList","@id":"https:\/\/www.fondazioneaibi.it\/faris\/adozione-di-bimbi-grandi-e-gruppi-di-fratelli-tutto-cio-che-ce-da-sapere-webinar-il-5-luglio\/#breadcrumb","itemListElement":[{"@type":"ListItem","position":1,"name":"Home","item":"https:\/\/www.fondazioneaibi.it\/faris\/"},{"@type":"ListItem","position":2,"name":"Adozione di bimbi grandi e gruppi di fratelli: tutto ci\u00f2 che c\u2019\u00e8 da sapere. Webinar il 5 luglio"}]},{"@type":"WebSite","@id":"https:\/\/www.fondazioneaibi.it\/faris\/#website","url":"https:\/\/www.fondazioneaibi.it\/faris\/","name":"Faris","description":"Faris","publisher":{"@id":"https:\/\/www.fondazioneaibi.it\/faris\/#organization"},"potentialAction":[{"@type":"SearchAction","target":{"@type":"EntryPoint","urlTemplate":"https:\/\/www.fondazioneaibi.it\/faris\/?s={search_term_string}"},"query-input":{"@type":"PropertyValueSpecification","valueRequired":true,"valueName":"search_term_string"}}],"inLanguage":"it-IT"},{"@type":"Organization","@id":"https:\/\/www.fondazioneaibi.it\/faris\/#organization","name":"Faris","url":"https:\/\/www.fondazioneaibi.it\/faris\/","logo":{"@type":"ImageObject","inLanguage":"it-IT","@id":"https:\/\/www.fondazioneaibi.it\/faris\/#\/schema\/logo\/image\/","url":"https:\/\/www.fondazioneaibi.it\/faris\/wp-content\/uploads\/2021\/03\/FARIS-LOGO-WEB-SITE-payoff-490x109.png","contentUrl":"https:\/\/www.fondazioneaibi.it\/faris\/wp-content\/uploads\/2021\/03\/FARIS-LOGO-WEB-SITE-payoff-490x109.png","width":494,"height":110,"caption":"Faris"},"image":{"@id":"https:\/\/www.fondazioneaibi.it\/faris\/#\/schema\/logo\/image\/"}},{"@type":"Person","@id":"https:\/\/www.fondazioneaibi.it\/faris\/#\/schema\/person\/ad772d30be3e6bd1b1919619ef0ecb8d","name":"francescoE","image":{"@type":"ImageObject","inLanguage":"it-IT","@id":"https:\/\/www.fondazioneaibi.it\/faris\/#\/schema\/person\/image\/","url":"https:\/\/secure.gravatar.com\/avatar\/eb25bc3259115f3cc20fd1978e06816ae94cd44934e33996da7a734be3641d43?s=96&d=mm&r=g","contentUrl":"https:\/\/secure.gravatar.com\/avatar\/eb25bc3259115f3cc20fd1978e06816ae94cd44934e33996da7a734be3641d43?s=96&d=mm&r=g","caption":"francescoE"},"url":"https:\/\/www.fondazioneaibi.it\/faris\/author\/francescoe\/"}]}},"_links":{"self":[{"href":"https:\/\/www.fondazioneaibi.it\/faris\/wp-json\/wp\/v2\/posts\/10707","targetHints":{"allow":["GET"]}}],"collection":[{"href":"https:\/\/www.fondazioneaibi.it\/faris\/wp-json\/wp\/v2\/posts"}],"about":[{"href":"https:\/\/www.fondazioneaibi.it\/faris\/wp-json\/wp\/v2\/types\/post"}],"author":[{"embeddable":true,"href":"https:\/\/www.fondazioneaibi.it\/faris\/wp-json\/wp\/v2\/users\/18"}],"replies":[{"embeddable":true,"href":"https:\/\/www.fondazioneaibi.it\/faris\/wp-json\/wp\/v2\/comments?post=10707"}],"version-history":[{"count":1,"href":"https:\/\/www.fondazioneaibi.it\/faris\/wp-json\/wp\/v2\/posts\/10707\/revisions"}],"predecessor-version":[{"id":10709,"href":"https:\/\/www.fondazioneaibi.it\/faris\/wp-json\/wp\/v2\/posts\/10707\/revisions\/10709"}],"wp:featuredmedia":[{"embeddable":true,"href":"https:\/\/www.fondazioneaibi.it\/faris\/wp-json\/wp\/v2\/media\/10708"}],"wp:attachment":[{"href":"https:\/\/www.fondazioneaibi.it\/faris\/wp-json\/wp\/v2\/media?parent=10707"}],"wp:term":[{"taxonomy":"category","embeddable":true,"href":"https:\/\/www.fondazioneaibi.it\/faris\/wp-json\/wp\/v2\/categories?post=10707"},{"taxonomy":"post_tag","embeddable":true,"href":"https:\/\/www.fondazioneaibi.it\/faris\/wp-json\/wp\/v2\/tags?post=10707"}],"curies":[{"name":"wp","href":"https:\/\/api.w.org\/{rel}","templated":true}]}}